{"id":203633,"date":"2025-12-26T18:30:15","date_gmt":"2025-12-26T18:30:15","guid":{"rendered":"https:\/\/www.europesays.com\/pt\/203633\/"},"modified":"2025-12-26T18:30:15","modified_gmt":"2025-12-26T18:30:15","slug":"russia-pretende-construir-uma-central-nuclear-na-lua-dentro-de-dez-anos-para-liderar-a-guerra-das-estrelas-do-sec-xxi","status":"publish","type":"post","link":"https:\/\/www.europesays.com\/pt\/203633\/","title":{"rendered":"R\u00fassia pretende construir uma central nuclear na Lua dentro de dez anos para liderar a &#8220;Guerra das Estrelas&#8221; do s\u00e9c. XXI"},"content":{"rendered":"<p>A R\u00fassia anunciou planos para construir uma central el\u00e9trica na Lua dentro de pouco mais de uma d\u00e9cada, num projeto que visa refor\u00e7ar o seu estatuto de pot\u00eancia espacial e garantir uma presen\u00e7a permanente no sat\u00e9lite natural da Terra. Segundo o \u2018El Espa\u00f1ol\u2019, a iniciativa surge num contexto de crescente competi\u00e7\u00e3o geopol\u00edtica no espa\u00e7o, marcada pelo avan\u00e7o dos Estados Unidos e da China.<\/p>\n<p>A ag\u00eancia espacial russa Roscosmos confirmou ter assinado um contrato com a empresa Lavochkin Association para a constru\u00e7\u00e3o da infraestrutura lunar at\u00e9 2036. Embora Moscovo n\u00e3o tenha especificado formalmente a natureza da central, a participa\u00e7\u00e3o da Rosatom, a corpora\u00e7\u00e3o estatal de energia nuclear, e do Instituto Kurchatov indica que se tratar\u00e1 de uma instala\u00e7\u00e3o nuclear.<\/p>\n<p>O objetivo \u00e9 fornecer energia ao programa lunar russo, que inclui ve\u00edculos de explora\u00e7\u00e3o, um observat\u00f3rio cient\u00edfico e a futura Esta\u00e7\u00e3o Internacional de Investiga\u00e7\u00e3o Lunar, um projeto conjunto com a China. A Roscosmos sublinha que esta central permitir\u00e1 passar de miss\u00f5es pontuais para um programa de explora\u00e7\u00e3o lunar de longo prazo, com funcionamento permanente.<\/p>\n<p>O an\u00fancio surge num momento em que a R\u00fassia tenta recuperar protagonismo num setor em que perdeu terreno nas \u00faltimas d\u00e9cadas. Ap\u00f3s o fim da Uni\u00e3o Sovi\u00e9tica, Moscovo ficou progressivamente atr\u00e1s dos Estados Unidos e, mais recentemente, da China, enquanto novos atores como a \u00cdndia, o Jap\u00e3o, a Europa e o setor privado ganharam peso na explora\u00e7\u00e3o espacial.<\/p>\n<p>O rev\u00e9s mais simb\u00f3lico ocorreu em agosto de 2023, quando a miss\u00e3o n\u00e3o tripulada Luna-25 se despenhou durante uma tentativa de aterragem na Lua, num contraste evidente com o dinamismo do programa espacial americano e com a ascens\u00e3o da SpaceX, de Elon Musk, que revolucionou os lan\u00e7amentos orbitais.<\/p>\n<p>A corrida lunar, contudo, n\u00e3o envolve apenas a R\u00fassia. Os Estados Unidos tamb\u00e9m anunciaram planos para instalar um reator nuclear na Lua at\u00e9 ao in\u00edcio da pr\u00f3xima d\u00e9cada. A NASA defende que a energia nuclear \u00e9 essencial para sustentar bases lunares, garantir a presen\u00e7a humana a longo prazo e preparar futuras miss\u00f5es a Marte.<\/p>\n<p>Apesar das restri\u00e7\u00f5es internacionais \u00e0 coloca\u00e7\u00e3o de armas nucleares no espa\u00e7o, o direito internacional n\u00e3o pro\u00edbe fontes de energia nuclear, desde que cumpram determinados crit\u00e9rios de seguran\u00e7a. Este enquadramento legal abriu caminho a uma nova fase de militariza\u00e7\u00e3o e competi\u00e7\u00e3o estrat\u00e9gica no espa\u00e7o cislunar.<\/p>\n<p>A administra\u00e7\u00e3o americana definiu como meta o regresso de astronautas \u00e0 Lua em 2028 e a cria\u00e7\u00e3o de uma base permanente at\u00e9 2030, integrada no programa Artemis. A estrat\u00e9gia aposta fortemente no envolvimento do sector privado e assume uma clara dimens\u00e3o geopol\u00edtica, com a Lua a ser encarada como um ponto-chave de supremacia tecnol\u00f3gica e militar face \u00e0 China e \u00e0 R\u00fassia.<\/p>\n<p>Para al\u00e9m do valor estrat\u00e9gico, a Lua \u00e9 vista como um ativo econ\u00f3mico de longo prazo. Estimativas da NASA indicam a exist\u00eancia de grandes reservas de h\u00e9lio-3, um is\u00f3topo raro na Terra, bem como de metais de terras raras essenciais para tecnologias avan\u00e7adas. Acresce a presen\u00e7a de \u00e1gua congelada no polo sul lunar, fundamental para produzir oxig\u00e9nio e combust\u00edvel diretamente no local, reduzindo drasticamente os custos das miss\u00f5es espaciais.<\/p>\n<p>Este conjunto de fatores transformou o sat\u00e9lite natural da Terra num verdadeiro campo de testes do s\u00e9culo XXI. Estados, ag\u00eancias espaciais e empresas privadas disputam agora um territ\u00f3rio onde se cruzam ci\u00eancia, economia, defesa e poder geopol\u00edtico, e onde poder\u00e1 ser definida uma parte decisiva da lideran\u00e7a global nas pr\u00f3ximas d\u00e9cadas.<\/p>\n","protected":false},"excerpt":{"rendered":"A R\u00fassia anunciou planos para construir uma central el\u00e9trica na Lua dentro de pouco mais de uma d\u00e9cada,&hellip;\n","protected":false},"author":2,"featured_media":203634,"comment_status":"","ping_status":"","sticky":false,"template":"","format":"standard","meta":{"footnotes":""},"categories":[50],"tags":[27,28,15,16,14,25,26,21,22,62,12,13,19,20,23,24,17,18,29,30,31,63,64,65],"class_list":{"0":"post-203633","1":"post","2":"type-post","3":"status-publish","4":"format-standard","5":"has-post-thumbnail","7":"category-mundo","8":"tag-breaking-news","9":"tag-breakingnews","10":"tag-featured-news","11":"tag-featurednews","12":"tag-headlines","13":"tag-latest-news","14":"tag-latestnews","15":"tag-main-news","16":"tag-mainnews","17":"tag-mundo","18":"tag-news","19":"tag-noticias","20":"tag-noticias-principais","21":"tag-noticiasprincipais","22":"tag-principais-noticias","23":"tag-principaisnoticias","24":"tag-top-stories","25":"tag-topstories","26":"tag-ultimas","27":"tag-ultimas-noticias","28":"tag-ultimasnoticias","29":"tag-world","30":"tag-world-news","31":"tag-worldnews"},"share_on_mastodon":{"url":"https:\/\/pubeurope.com\/@pt\/115787295928414292","error":""},"_links":{"self":[{"href":"https:\/\/www.europesays.com\/pt\/wp-json\/wp\/v2\/posts\/203633","targetHints":{"allow":["GET"]}}],"collection":[{"href":"https:\/\/www.europesays.com\/pt\/wp-json\/wp\/v2\/posts"}],"about":[{"href":"https:\/\/www.europesays.com\/pt\/wp-json\/wp\/v2\/types\/post"}],"author":[{"embeddable":true,"href":"https:\/\/www.europesays.com\/pt\/wp-json\/wp\/v2\/users\/2"}],"replies":[{"embeddable":true,"href":"https:\/\/www.europesays.com\/pt\/wp-json\/wp\/v2\/comments?post=203633"}],"version-history":[{"count":0,"href":"https:\/\/www.europesays.com\/pt\/wp-json\/wp\/v2\/posts\/203633\/revisions"}],"wp:featuredmedia":[{"embeddable":true,"href":"https:\/\/www.europesays.com\/pt\/wp-json\/wp\/v2\/media\/203634"}],"wp:attachment":[{"href":"https:\/\/www.europesays.com\/pt\/wp-json\/wp\/v2\/media?parent=203633"}],"wp:term":[{"taxonomy":"category","embeddable":true,"href":"https:\/\/www.europesays.com\/pt\/wp-json\/wp\/v2\/categories?post=203633"},{"taxonomy":"post_tag","embeddable":true,"href":"https:\/\/www.europesays.com\/pt\/wp-json\/wp\/v2\/tags?post=203633"}],"curies":[{"name":"wp","href":"https:\/\/api.w.org\/{rel}","templated":true}]}}