{"id":203635,"date":"2025-12-26T18:31:23","date_gmt":"2025-12-26T18:31:23","guid":{"rendered":"https:\/\/www.europesays.com\/pt\/203635\/"},"modified":"2025-12-26T18:31:23","modified_gmt":"2025-12-26T18:31:23","slug":"tempo-seco-e-temperaturas-proximas-de-zero-na-passagem-de-ano","status":"publish","type":"post","link":"https:\/\/www.europesays.com\/pt\/203635\/","title":{"rendered":"Tempo &#8220;seco&#8221; e temperaturas pr\u00f3ximas de zero na passagem de ano"},"content":{"rendered":"<p data-remotead-prev-elm=\"true\" data-remotead-elm-id=\"inread\">Em declara\u00e7\u00f5es \u00e0 Lusa, o meteorologista Jorge Ponte explicou que, embora ainda possa ser &#8220;um pouco cedo para uma previs\u00e3o&#8221; para a passagem de ano, &#8220;podendo ainda sofrer algumas altera\u00e7\u00f5es&#8221;, no entanto, &#8220;a tend\u00eancia \u00e9 que o tempo seja tendencialmente seco e as temperaturas estejam dentro do normal para a \u00e9poca do ano&#8221;.<\/p>\n<p>Ser\u00e3o valores &#8220;pr\u00f3ximos de zero, ou mesmo ligeiramente inferiores a zero no nordeste transmontano e na Beira Alta, e entre os 5 e os 10 graus no restante territ\u00f3rio, relativamente \u00e0s temperaturas m\u00ednimas&#8221;, especificou.<\/p>\n<p>&#8220;As m\u00e1ximas [ser\u00e3o] naturalmente um pouco mais altas, entre os 10 e os 15 graus, na maior parte do territ\u00f3rio e inferiores no interior norte e centro&#8221;, acrescentou o meteorologista.<\/p>\n<p data-remotead-prev-elm=\"true\" data-remotead-elm-id=\"centro1\">Hoje, em termos de temperatura, segundo explicou Jorge Ponte, o que est\u00e1 a afetar o estado de tempo em Portugal continental &#8220;\u00e9 uma depress\u00e3o com express\u00e3o de altitude que est\u00e1 a noroeste do continente e que se vai deslocando gradualmente para sul&#8221;, transportando &#8220;uma massa de ar frio, da\u00ed as temperaturas terem estado baixas&#8221;.<\/p>\n<p>De acordo com o meteorologista, a noite passada [de quinta para sexta-feira] foi aquela, at\u00e9 ao momento, &#8220;com as temperaturas mais baixas&#8221;, lembrando que grande parte do continente j\u00e1 estava com aviso amarelo devido ao tempo frio em vigor.<\/p>\n<p>&#8220;A pr\u00f3xima noite ainda vai ser fria [sexta-feira para s\u00e1bado], portanto ainda se mant\u00e9m o aviso amarelo de tempo frio nas regi\u00f5es norte e centro, por temperaturas m\u00ednimas baixas. No entanto, as temperaturas v\u00e3o subir gradualmente&#8221;, afirmou.<\/p>\n<p data-remotead-prev-elm=\"true\" data-remotead-elm-id=\"centro2\">Jorge Ponte acrescentou que haver\u00e1 &#8220;uma pequena subida, nada muito significativo&#8221;, mas as temperaturas &#8220;v\u00e3o ficar dentro daquilo que \u00e9 normal para a \u00e9poca do ano&#8221;.<\/p>\n<p>No entanto, no s\u00e1bado, associado \u00e0 depress\u00e3o existente, &#8220;vai haver precipita\u00e7\u00e3o na regi\u00e3o sul. Essa precipita\u00e7\u00e3o vai ser por vezes forte no Algarve, da\u00ed o aviso amarelo emitido durante a manh\u00e3, e vai-se estender a partir da tarde tamb\u00e9m \u00e0 regi\u00e3o centro. Na regi\u00e3o norte n\u00e3o ir\u00e1 chover&#8221;.<\/p>\n<p>Aliado a essa precipita\u00e7\u00e3o e temperaturas m\u00e1ximas &#8220;ainda bastante baixas&#8221;, s\u00e1bado vai ser um dia &#8220;com frio e com alguma precipita\u00e7\u00e3o mesmo na regi\u00e3o da Grande Lisboa&#8221;.<\/p>\n<p data-remotead-prev-elm=\"true\" data-remotead-elm-id=\"centro3\">Depois, a partir de domingo, &#8220;essas condi\u00e7\u00f5es v\u00e3o mudar, a precipita\u00e7\u00e3o, a ocorrer nos dias seguintes, vai ser &#8220;mais fraca e dispersa&#8221;, sendo dias &#8220;tendencialmente secos e com temperaturas dentro daquilo que \u00e9 normal para a \u00e9poca do ano&#8221;, precisou.<\/p>\n<p>&#8220;O mais significativo, a partir do dia 29, poder\u00e3o ser os nevoeiros matinais, que podem persistir no nordeste transmontano e na Beira Alta&#8221; e onde as temperaturas m\u00e1ximas &#8220;v\u00e3o ser muito baixas e pode haver mesmo forma\u00e7\u00e3o de sincelo, isto \u00e9, deposi\u00e7\u00e3o de gelo nas superf\u00edcies&#8221;, acrescentou Jorge Ponte.<\/p>\n<p>O IPMA colocou 11 distritos de Portugal continental sob aviso amarelo devido a tempo frio entre a meia-noite de hoje e as 06:00 de s\u00e1bado, e dois distritos igualmente sob aviso amarelo, mas devido \u00e0 precipita\u00e7\u00e3o.<\/p>\n<p data-remotead-prev-elm=\"true\" data-remotead-elm-id=\"centro4\">Segundo informa\u00e7\u00e3o do IPMA, os distritos de Bragan\u00e7a, Viseu, Porto, Guarda, Vila Real, Viana do Castelo, Castelo Branco, Aveiro, Coimbra, Portalegre e Braga est\u00e3o sob aviso amarelo por &#8220;persist\u00eancia de valores baixos da temperatura m\u00ednima&#8221;.<\/p>\n<p>J\u00e1 os distritos de Beja e Faro v\u00e3o estar sob aviso amarelo entre as 06:00 e as 13:00 de s\u00e1bado devido \u00e0 previs\u00e3o de precipita\u00e7\u00e3o, que poder\u00e1 ser por vezes forte, de granizo e acompanhada de trovoada.<\/p>\n<p>A Dire\u00e7\u00e3o-Geral da Sa\u00fade (DGS) alertou na ter\u00e7a-feira para os cuidados a ter por causa do frio, lembrando que a descida das temperaturas aumenta o risco de agravamento de doen\u00e7as cr\u00f3nicas e pedindo \u00e0 popula\u00e7\u00e3o que se proteja.<\/p>\n","protected":false},"excerpt":{"rendered":"Em declara\u00e7\u00f5es \u00e0 Lusa, o meteorologista Jorge Ponte explicou que, embora ainda possa ser &#8220;um pouco cedo para&hellip;\n","protected":false},"author":2,"featured_media":203636,"comment_status":"","ping_status":"","sticky":false,"template":"","format":"standard","meta":{"footnotes":""},"categories":[10],"tags":[27,28,15,16,9086,14,350,25,26,21,22,619,12,13,19,20,37505,32,23,24,33,17,18,29,30,31],"class_list":{"0":"post-203635","1":"post","2":"type-post","3":"status-publish","4":"format-standard","5":"has-post-thumbnail","7":"category-portugal","8":"tag-breaking-news","9":"tag-breakingnews","10":"tag-featured-news","11":"tag-featurednews","12":"tag-frio","13":"tag-headlines","14":"tag-ipma","15":"tag-latest-news","16":"tag-latestnews","17":"tag-main-news","18":"tag-mainnews","19":"tag-nacional","20":"tag-news","21":"tag-noticias","22":"tag-noticias-principais","23":"tag-noticiasprincipais","24":"tag-passagem-de-ano","25":"tag-portugal","26":"tag-principais-noticias","27":"tag-principaisnoticias","28":"tag-pt","29":"tag-top-stories","30":"tag-topstories","31":"tag-ultimas","32":"tag-ultimas-noticias","33":"tag-ultimasnoticias"},"share_on_mastodon":{"url":"https:\/\/pubeurope.com\/@pt\/115787300025642095","error":""},"_links":{"self":[{"href":"https:\/\/www.europesays.com\/pt\/wp-json\/wp\/v2\/posts\/203635","targetHints":{"allow":["GET"]}}],"collection":[{"href":"https:\/\/www.europesays.com\/pt\/wp-json\/wp\/v2\/posts"}],"about":[{"href":"https:\/\/www.europesays.com\/pt\/wp-json\/wp\/v2\/types\/post"}],"author":[{"embeddable":true,"href":"https:\/\/www.europesays.com\/pt\/wp-json\/wp\/v2\/users\/2"}],"replies":[{"embeddable":true,"href":"https:\/\/www.europesays.com\/pt\/wp-json\/wp\/v2\/comments?post=203635"}],"version-history":[{"count":0,"href":"https:\/\/www.europesays.com\/pt\/wp-json\/wp\/v2\/posts\/203635\/revisions"}],"wp:featuredmedia":[{"embeddable":true,"href":"https:\/\/www.europesays.com\/pt\/wp-json\/wp\/v2\/media\/203636"}],"wp:attachment":[{"href":"https:\/\/www.europesays.com\/pt\/wp-json\/wp\/v2\/media?parent=203635"}],"wp:term":[{"taxonomy":"category","embeddable":true,"href":"https:\/\/www.europesays.com\/pt\/wp-json\/wp\/v2\/categories?post=203635"},{"taxonomy":"post_tag","embeddable":true,"href":"https:\/\/www.europesays.com\/pt\/wp-json\/wp\/v2\/tags?post=203635"}],"curies":[{"name":"wp","href":"https:\/\/api.w.org\/{rel}","templated":true}]}}