{"id":203637,"date":"2025-12-26T18:32:12","date_gmt":"2025-12-26T18:32:12","guid":{"rendered":"https:\/\/www.europesays.com\/pt\/203637\/"},"modified":"2025-12-26T18:32:12","modified_gmt":"2025-12-26T18:32:12","slug":"presidente-do-e-amadora-confirma-sidny-no-benfica-foi-bom-para-todos","status":"publish","type":"post","link":"https:\/\/www.europesays.com\/pt\/203637\/","title":{"rendered":"Presidente do E. Amadora confirma Sidny no Benfica: \u00abFoi bom para todos\u00bb"},"content":{"rendered":"<p>O presidente do <a target=\"_blank\" class=\"editor-link autolink-enabled\" href=\"https:\/\/www.abola.pt\/futebol\/estrela-da-amadora-21677\" data-resource-id=\"21677\" data-resource-type=\"team\" data-sport=\"football\" rel=\"nofollow noopener\">Estrela da Amadora<\/a>, Paulo Lopo, confirmou a A BOLA que a transfer\u00eancia de <a target=\"_blank\" class=\"editor-link autolink-enabled\" href=\"https:\/\/www.abola.pt\/futebol\/jogador\/sidny-lopes-cabral-274806\" data-resource-id=\"274806\" data-resource-type=\"player\" data-sport=\"football\" rel=\"nofollow noopener\">Sidny Cabral<\/a> para o <a target=\"_blank\" class=\"editor-link autolink-enabled\" href=\"https:\/\/www.abola.pt\/futebol\/benfica-450\" data-resource-id=\"450\" data-resource-type=\"team\" data-sport=\"football\" rel=\"nofollow noopener\">Benfica<\/a> est\u00e1 fechada. O clube receber\u00e1 quase \u20ac6 milh\u00f5es de imediato, mas ainda poder\u00e1 tirar mais proveitos financeiros, uma vez que h\u00e1 ainda \u20ac2,5 milh\u00f5es de objetivos individuais e coletivos e os tricolores reservam 10 por cento do passe. O lateral cabo-verdiano de 23 anos faz exames m\u00e9dicos na segunda-feira e assinar\u00e1 at\u00e9 2030.<\/p>\n<p>\u00abEstamos a falar da maior transfer\u00eancia da hist\u00f3ria do <a target=\"_blank\" class=\"editor-link autolink-enabled\" href=\"https:\/\/www.abola.pt\/futebol\/estrela-da-amadora-21677\" data-resource-id=\"21677\" data-resource-type=\"team\" data-sport=\"football\" rel=\"nofollow noopener\">Estrela Amadora<\/a>, o que diz bem da forma como defendemos intransigentemente os nossos direitos, n\u00e3o s\u00f3 pelo valor imediato que recebemos como pela verba que ficou estipulada em objetivos, sem esquecer que preserv\u00e1mos dez por cento dos direitos, o que significa que ainda poderemos retirar mais dividendos desta opera\u00e7\u00e3o se ele continuar a valorizar-se\u00bb, disse Paulo Lopo a A BOLA.<\/p>\n<p>            <img decoding=\"async\" src=\"https:\/\/www.europesays.com\/pt\/wp-content\/uploads\/2025\/12\/561540c6-1db5-4020-b00f-7e315d4b6da2.jpg\" alt=\"\" width=\"620\" class=\"w-full object-cover\"\/><\/p>\n<p>                    Paulo Lopo e Rui Costa, a 16 de agosto, no Est\u00e1dio Jos\u00e9 Gomes, no jogo entre Estrela da Amadora e Benfica \u2014 Foto: Miguel Nunes<\/p>\n<p>O presidente do Estrela da Amadora confirma que <a class=\"autolink-enabled\" data-resource-id=\"274806\" data-resource-type=\"player\" data-sport=\"football\" href=\"https:\/\/www.abola.pt\/futebol\/jogador\/sidny-lopes-cabral-274806\" rel=\"nofollow noopener\" target=\"_blank\">Sidny<\/a> queria mudar-se para a Luz. \u00abDefendemos, em simult\u00e2neo, os nossos interesses e satisfizemos a vontade do jogador, o que significa que o processo foi bom para todas as partes\u00bb, argumentou.<\/p>\n<p>\u00abAproveito tamb\u00e9m para deixar o meu elogio ao Sidny Cabral pela postura e pelo profissionalismo como sempre defendeu a camisola do <a target=\"_blank\" class=\"editor-link autolink-enabled\" href=\"https:\/\/www.abola.pt\/futebol\/estrela-da-amadora-21677\" data-resource-id=\"21677\" data-resource-type=\"team\" data-sport=\"football\" rel=\"nofollow noopener\">Estrela da Amadora<\/a> e desejo-lhe os maiores sucessos profissionais e pessoais\u00bb, rematou.<\/p>\n","protected":false},"excerpt":{"rendered":"O presidente do Estrela da Amadora, Paulo Lopo, confirmou a A BOLA que a transfer\u00eancia de Sidny Cabral&hellip;\n","protected":false},"author":2,"featured_media":203638,"comment_status":"","ping_status":"","sticky":false,"template":"","format":"standard","meta":{"footnotes":""},"categories":[8],"tags":[27,28,15,16,14,25,26,21,22,12,13,19,20,32,23,24,33,17,18,29,30,31],"class_list":{"0":"post-203637","1":"post","2":"type-post","3":"status-publish","4":"format-standard","5":"has-post-thumbnail","7":"category-principais-noticias","8":"tag-breaking-news","9":"tag-breakingnews","10":"tag-featured-news","11":"tag-featurednews","12":"tag-headlines","13":"tag-latest-news","14":"tag-latestnews","15":"tag-main-news","16":"tag-mainnews","17":"tag-news","18":"tag-noticias","19":"tag-noticias-principais","20":"tag-noticiasprincipais","21":"tag-portugal","22":"tag-principais-noticias","23":"tag-principaisnoticias","24":"tag-pt","25":"tag-top-stories","26":"tag-topstories","27":"tag-ultimas","28":"tag-ultimas-noticias","29":"tag-ultimasnoticias"},"share_on_mastodon":{"url":"https:\/\/pubeurope.com\/@pt\/115787304050405822","error":""},"_links":{"self":[{"href":"https:\/\/www.europesays.com\/pt\/wp-json\/wp\/v2\/posts\/203637","targetHints":{"allow":["GET"]}}],"collection":[{"href":"https:\/\/www.europesays.com\/pt\/wp-json\/wp\/v2\/posts"}],"about":[{"href":"https:\/\/www.europesays.com\/pt\/wp-json\/wp\/v2\/types\/post"}],"author":[{"embeddable":true,"href":"https:\/\/www.europesays.com\/pt\/wp-json\/wp\/v2\/users\/2"}],"replies":[{"embeddable":true,"href":"https:\/\/www.europesays.com\/pt\/wp-json\/wp\/v2\/comments?post=203637"}],"version-history":[{"count":0,"href":"https:\/\/www.europesays.com\/pt\/wp-json\/wp\/v2\/posts\/203637\/revisions"}],"wp:featuredmedia":[{"embeddable":true,"href":"https:\/\/www.europesays.com\/pt\/wp-json\/wp\/v2\/media\/203638"}],"wp:attachment":[{"href":"https:\/\/www.europesays.com\/pt\/wp-json\/wp\/v2\/media?parent=203637"}],"wp:term":[{"taxonomy":"category","embeddable":true,"href":"https:\/\/www.europesays.com\/pt\/wp-json\/wp\/v2\/categories?post=203637"},{"taxonomy":"post_tag","embeddable":true,"href":"https:\/\/www.europesays.com\/pt\/wp-json\/wp\/v2\/tags?post=203637"}],"curies":[{"name":"wp","href":"https:\/\/api.w.org\/{rel}","templated":true}]}}