{"id":203655,"date":"2025-12-26T18:45:55","date_gmt":"2025-12-26T18:45:55","guid":{"rendered":"https:\/\/www.europesays.com\/pt\/203655\/"},"modified":"2025-12-26T18:45:55","modified_gmt":"2025-12-26T18:45:55","slug":"compra-da-remolcanosa-pelo-grupo-boluda-debaixo-de-investigacao-aprofundada","status":"publish","type":"post","link":"https:\/\/www.europesays.com\/pt\/203655\/","title":{"rendered":"Compra da Remolcanosa pelo grupo Boluda debaixo de &#8220;investiga\u00e7\u00e3o aprofundada&#8221;"},"content":{"rendered":"<p>                A Autoridade da Concorr\u00eancia determinou que a compra da Remolcanosa Portugal &#8211; Servi\u00e7os Mar\u00edtimos pelo grupo espanhol de reboque mar\u00edtimo Boluda passe a estar sob &#8220;investiga\u00e7\u00e3o aprofundada&#8221;. O neg\u00f3cio &#8220;suscita s\u00e9rias d\u00favidas&#8221;.A decis\u00e3o foi tomada esta semana, antes da v\u00e9spera de Natal. <\/p>\n<p>Considera a Autoridade da Concorr\u00eancia, em <a href=\"https:\/\/www.concorrencia.pt\/pt\/artigos\/adc-adotou-uma-decisao-de-passagem-investigacao-aprofundada-na-operacao-de-concentracao-1\" target=\"_blank\" rel=\"nofollow noopener\">nota publicada no seu site<\/a>, que <b>&#8220;a opera\u00e7\u00e3o de concentra\u00e7\u00e3o notificada suscita s\u00e9rias d\u00favidas, \u00e0 luz dos elementos recolhidos, e em aten\u00e7\u00e3o aos crit\u00e9rios definidos&#8221;<\/b>, desde logo &#8220;quanto \u00e0 sua compatibilidade com o crit\u00e9rio estabelecido&#8221;\u00a0 no que diz respeito &#8220;ao mercado relevante identificado&#8221;.<\/p>\n<p>Foi a 1 de agosto que o grupo Boluda notificou o regulador portugu\u00eas sobre a compra do controlo exclusivo da Remolcanosa Portugal &#8211; Servi\u00e7os Mar\u00edtimos.<\/p>\n<p><b>&#8220;A opera\u00e7\u00e3o de concentra\u00e7\u00e3o consiste na aquisi\u00e7\u00e3o, pela BT Luxembourg II, S.\u00c0 R.L, integrada no Grupo Boluda, do controlo exclusivo da Remolcanosa Portugal &#8211; Servi\u00e7os Mar\u00edtimos, S.A. e respetivas subsidi\u00e1rias&#8221;<\/b>, detalha a Autoridade da Concorr\u00eancia.<\/p>\n<p><b>O grupo Boluda indica operar, a n\u00edvel internacional, na presta\u00e7\u00e3o de servi\u00e7os de reboque mar\u00edtimo, no transporte mar\u00edtimo e terrestre, al\u00e9m da log\u00edstica portu\u00e1ria<\/b>.Portugal est\u00e1 ativo na &#8220;presta\u00e7\u00e3o de servi\u00e7os de reboque mar\u00edtimo no Terminal PSA do Porto de Sines, no transporte regular de contentores com escala no porto de Leix\u00f5es e no porto de Set\u00fabal, bem como na presta\u00e7\u00e3o de servi\u00e7os de amarra\u00e7\u00e3o no Terminal PSA no Porto de Sines&#8221;.<br \/>&#13;<br \/>\n&#13;\n<\/p>\n<p><b>A Remolcanosa, que opera igualmente no sector do reboque mar\u00edtimo, est\u00e1 presente nos portos de Viana do Castelo, Aveiro, Figueira da Foz, Lisboa, Set\u00fabal, Sines e Portim\u00e3o<\/b>.<\/p>\n<p>Presta ainda servi\u00e7os de reboque oce\u00e2nico, &#8220;abrangendo opera\u00e7\u00f5es em alto-mar, salvamento mar\u00edtimo e servi\u00e7os de amarra\u00e7\u00e3o&#8221;, e servi\u00e7os de mergulho profissional e repara\u00e7\u00e3o naval. <\/p>\n<p>As subsidi\u00e1rias s\u00e3o as empresas Reboport &#8211; Sociedade Portuguesa de Reboques Mar\u00edtimos, S.A., Tinita &#8211; Transportes e Reboques Mar\u00edtimos, S.A., Multisub &#8211; Servi\u00e7os de Mergulho Profissional, S.A., Rebonave &#8211; Reboques e Assist\u00eancia Naval, S.A., e Gironave &#8211; Ind\u00fastrias Metalomec\u00e2nicas, Lda., de acordo com a Autoridade da Concorr\u00eancia.<\/p>\n<p>c\/ Lusa<br \/>&#13;\n            <\/p>\n","protected":false},"excerpt":{"rendered":"A Autoridade da Concorr\u00eancia determinou que a compra da Remolcanosa Portugal &#8211; Servi\u00e7os Mar\u00edtimos pelo grupo espanhol de&hellip;\n","protected":false},"author":2,"featured_media":203656,"comment_status":"","ping_status":"","sticky":false,"template":"","format":"standard","meta":{"footnotes":""},"categories":[10],"tags":[5411,40409,27,28,5546,15,16,10114,14,1173,25,26,21,22,12,13,19,20,32,23,24,33,40408,17,18,29,30,31],"class_list":{"0":"post-203655","1":"post","2":"type-post","3":"status-publish","4":"format-standard","5":"has-post-thumbnail","7":"category-portugal","8":"tag-autoridade-da-concorrencia","9":"tag-boluda","10":"tag-breaking-news","11":"tag-breakingnews","12":"tag-compra","13":"tag-featured-news","14":"tag-featurednews","15":"tag-grupo","16":"tag-headlines","17":"tag-investigacao","18":"tag-latest-news","19":"tag-latestnews","20":"tag-main-news","21":"tag-mainnews","22":"tag-news","23":"tag-noticias","24":"tag-noticias-principais","25":"tag-noticiasprincipais","26":"tag-portugal","27":"tag-principais-noticias","28":"tag-principaisnoticias","29":"tag-pt","30":"tag-remolcanosa","31":"tag-top-stories","32":"tag-topstories","33":"tag-ultimas","34":"tag-ultimas-noticias","35":"tag-ultimasnoticias"},"share_on_mastodon":{"url":"https:\/\/pubeurope.com\/@pt\/115787359062394767","error":""},"_links":{"self":[{"href":"https:\/\/www.europesays.com\/pt\/wp-json\/wp\/v2\/posts\/203655","targetHints":{"allow":["GET"]}}],"collection":[{"href":"https:\/\/www.europesays.com\/pt\/wp-json\/wp\/v2\/posts"}],"about":[{"href":"https:\/\/www.europesays.com\/pt\/wp-json\/wp\/v2\/types\/post"}],"author":[{"embeddable":true,"href":"https:\/\/www.europesays.com\/pt\/wp-json\/wp\/v2\/users\/2"}],"replies":[{"embeddable":true,"href":"https:\/\/www.europesays.com\/pt\/wp-json\/wp\/v2\/comments?post=203655"}],"version-history":[{"count":0,"href":"https:\/\/www.europesays.com\/pt\/wp-json\/wp\/v2\/posts\/203655\/revisions"}],"wp:featuredmedia":[{"embeddable":true,"href":"https:\/\/www.europesays.com\/pt\/wp-json\/wp\/v2\/media\/203656"}],"wp:attachment":[{"href":"https:\/\/www.europesays.com\/pt\/wp-json\/wp\/v2\/media?parent=203655"}],"wp:term":[{"taxonomy":"category","embeddable":true,"href":"https:\/\/www.europesays.com\/pt\/wp-json\/wp\/v2\/categories?post=203655"},{"taxonomy":"post_tag","embeddable":true,"href":"https:\/\/www.europesays.com\/pt\/wp-json\/wp\/v2\/tags?post=203655"}],"curies":[{"name":"wp","href":"https:\/\/api.w.org\/{rel}","templated":true}]}}