{"id":203657,"date":"2025-12-26T18:47:09","date_gmt":"2025-12-26T18:47:09","guid":{"rendered":"https:\/\/www.europesays.com\/pt\/203657\/"},"modified":"2025-12-26T18:47:09","modified_gmt":"2025-12-26T18:47:09","slug":"sporting-os-sete-jovens-que-rui-borges-chamou-para-preparar-o-rio-ave","status":"publish","type":"post","link":"https:\/\/www.europesays.com\/pt\/203657\/","title":{"rendered":"Sporting: os sete jovens que Rui Borges chamou para preparar o Rio Ave"},"content":{"rendered":"<p>Aten\u00e7\u00f5es centradas no <a class=\"autolink-enabled\" data-resource-id=\"442\" data-resource-type=\"team\" data-sport=\"football\" href=\"https:\/\/www.abola.pt\/futebol\/rio-ave-442\" rel=\"nofollow noopener\" target=\"_blank\">Rio Ave<\/a>, partida que fecha os jogos em casa em 2025. Rui Borges, depois de gozar a pausa natal\u00edcia, olha para o duelo com os vilacondenses com otimismo, mesmo sem ver nenhum dos lesionados com alta m\u00e9dica: <a class=\"autolink-enabled\" data-resource-id=\"233639\" data-resource-type=\"player\" data-sport=\"football\" href=\"https:\/\/www.abola.pt\/futebol\/jogador\/debast-233639\" rel=\"nofollow noopener\" target=\"_blank\">Debast<\/a>, <a class=\"autolink-enabled\" data-resource-id=\"8871\" data-resource-type=\"player\" data-sport=\"football\" href=\"https:\/\/www.abola.pt\/futebol\/jogador\/nuno-santos-8871\" rel=\"nofollow noopener\" target=\"_blank\">Nuno Santos<\/a>, <a class=\"autolink-enabled\" href=\"https:\/\/www.abola.pt\/futebol\/jogador\/pedro-goncalves-183976\" data-resource-id=\"183976\" data-resource-type=\"player\" data-sport=\"football\" rel=\"nofollow noopener\" target=\"_blank\">Pedro Gon\u00e7alves<\/a> e <a class=\"autolink-enabled\" data-resource-id=\"295516\" data-resource-type=\"player\" data-sport=\"football\" href=\"https:\/\/www.abola.pt\/futebol\/jogador\/quenda-295516\" rel=\"nofollow noopener\" target=\"_blank\">Quenda<\/a> n\u00e3o subiram ao relvado esta manh\u00e3 e est\u00e3o entregues ao departamento m\u00e9dico. \u00a0<\/p>\n<p>Rui Borges orienta na manh\u00e3 deste s\u00e1bado, na Academia, o \u00faltimo ensaio antes da partida com o Rio Ave, sendo que o treinador far\u00e1 a antevis\u00e3o desta partida amanh\u00e3, \u00e0s 12h30, em Alcochete.\u00a0<\/p>\n","protected":false},"excerpt":{"rendered":"Aten\u00e7\u00f5es centradas no Rio Ave, partida que fecha os jogos em casa em 2025. Rui Borges, depois de&hellip;\n","protected":false},"author":2,"featured_media":203658,"comment_status":"","ping_status":"","sticky":false,"template":"","format":"standard","meta":{"footnotes":""},"categories":[8],"tags":[27,28,15,16,14,25,26,21,22,12,13,19,20,32,23,24,33,17,18,29,30,31],"class_list":{"0":"post-203657","1":"post","2":"type-post","3":"status-publish","4":"format-standard","5":"has-post-thumbnail","7":"category-principais-noticias","8":"tag-breaking-news","9":"tag-breakingnews","10":"tag-featured-news","11":"tag-featurednews","12":"tag-headlines","13":"tag-latest-news","14":"tag-latestnews","15":"tag-main-news","16":"tag-mainnews","17":"tag-news","18":"tag-noticias","19":"tag-noticias-principais","20":"tag-noticiasprincipais","21":"tag-portugal","22":"tag-principais-noticias","23":"tag-principaisnoticias","24":"tag-pt","25":"tag-top-stories","26":"tag-topstories","27":"tag-ultimas","28":"tag-ultimas-noticias","29":"tag-ultimasnoticias"},"share_on_mastodon":{"url":"https:\/\/pubeurope.com\/@pt\/115787362936439406","error":""},"_links":{"self":[{"href":"https:\/\/www.europesays.com\/pt\/wp-json\/wp\/v2\/posts\/203657","targetHints":{"allow":["GET"]}}],"collection":[{"href":"https:\/\/www.europesays.com\/pt\/wp-json\/wp\/v2\/posts"}],"about":[{"href":"https:\/\/www.europesays.com\/pt\/wp-json\/wp\/v2\/types\/post"}],"author":[{"embeddable":true,"href":"https:\/\/www.europesays.com\/pt\/wp-json\/wp\/v2\/users\/2"}],"replies":[{"embeddable":true,"href":"https:\/\/www.europesays.com\/pt\/wp-json\/wp\/v2\/comments?post=203657"}],"version-history":[{"count":0,"href":"https:\/\/www.europesays.com\/pt\/wp-json\/wp\/v2\/posts\/203657\/revisions"}],"wp:featuredmedia":[{"embeddable":true,"href":"https:\/\/www.europesays.com\/pt\/wp-json\/wp\/v2\/media\/203658"}],"wp:attachment":[{"href":"https:\/\/www.europesays.com\/pt\/wp-json\/wp\/v2\/media?parent=203657"}],"wp:term":[{"taxonomy":"category","embeddable":true,"href":"https:\/\/www.europesays.com\/pt\/wp-json\/wp\/v2\/categories?post=203657"},{"taxonomy":"post_tag","embeddable":true,"href":"https:\/\/www.europesays.com\/pt\/wp-json\/wp\/v2\/tags?post=203657"}],"curies":[{"name":"wp","href":"https:\/\/api.w.org\/{rel}","templated":true}]}}