{"id":203661,"date":"2025-12-26T18:51:08","date_gmt":"2025-12-26T18:51:08","guid":{"rendered":"https:\/\/www.europesays.com\/pt\/203661\/"},"modified":"2025-12-26T18:51:08","modified_gmt":"2025-12-26T18:51:08","slug":"nicolas-alves-do-the-voice-kids-a-grupo-criado-por-simon-cowell","status":"publish","type":"post","link":"https:\/\/www.europesays.com\/pt\/203661\/","title":{"rendered":"Nicolas Alves. Do &#8220;The Voice Kids&#8221; a grupo criado por Simon Cowell"},"content":{"rendered":"<p data-remotead-prev-elm=\"true\" data-remotead-elm-id=\"inread\">A forma\u00e7\u00e3o da banda acompanhou dez epis\u00f3dios da s\u00e9rie &#8220;The Next Act&#8221;, baseada num processo de audi\u00e7\u00f5es conduzido pessoalmente por Cowell.<\/p>\n<p>Inicialmente pensada para cinco membros, a boyband acabou por integrar sete jovens devido ao n\u00edvel art\u00edstico apresentado. O nome December 10 assinala a data de estreia do programa e o grupo j\u00e1 assinou contrato com a EMI\/Universal. Esta semana foi lan\u00e7ado o primeiro tema, uma vers\u00e3o de &#8220;Bye Bye Bye&#8221;, dos NSYNC.<\/p>\n<p>Natural de Torres Vedras, Nicolas Alves destacou-se em 2022 ao alcan\u00e7ar o segundo lugar no &#8220;The Voice Portugal Kids&#8221;. No mesmo ano representou Portugal na &#8220;Eurovis\u00e3o J\u00fanior&#8221; com &#8220;Anos 70&#8221;, de Carolina Deslandes, terminando em 8.\u00ba lugar, a primeira vez que o pa\u00eds entrou no Top 10 da competi\u00e7\u00e3o. Nos December 10, junta-se a jovens do Reino Unido e da Irlanda, abrindo um novo cap\u00edtulo na sua carreira art\u00edstica.<\/p>\n","protected":false},"excerpt":{"rendered":"A forma\u00e7\u00e3o da banda acompanhou dez epis\u00f3dios da s\u00e9rie &#8220;The Next Act&#8221;, baseada num processo de audi\u00e7\u00f5es conduzido&hellip;\n","protected":false},"author":2,"featured_media":203662,"comment_status":"","ping_status":"","sticky":false,"template":"","format":"standard","meta":{"footnotes":""},"categories":[142],"tags":[114,115,715,150,32,33,13470,151],"class_list":{"0":"post-203661","1":"post","2":"type-post","3":"status-publish","4":"format-standard","5":"has-post-thumbnail","7":"category-tv","8":"tag-entertainment","9":"tag-entretenimento","10":"tag-media","11":"tag-musica","12":"tag-portugal","13":"tag-pt","14":"tag-the-voice","15":"tag-tv"},"share_on_mastodon":{"url":"https:\/\/pubeurope.com\/@pt\/115787378397996924","error":""},"_links":{"self":[{"href":"https:\/\/www.europesays.com\/pt\/wp-json\/wp\/v2\/posts\/203661","targetHints":{"allow":["GET"]}}],"collection":[{"href":"https:\/\/www.europesays.com\/pt\/wp-json\/wp\/v2\/posts"}],"about":[{"href":"https:\/\/www.europesays.com\/pt\/wp-json\/wp\/v2\/types\/post"}],"author":[{"embeddable":true,"href":"https:\/\/www.europesays.com\/pt\/wp-json\/wp\/v2\/users\/2"}],"replies":[{"embeddable":true,"href":"https:\/\/www.europesays.com\/pt\/wp-json\/wp\/v2\/comments?post=203661"}],"version-history":[{"count":0,"href":"https:\/\/www.europesays.com\/pt\/wp-json\/wp\/v2\/posts\/203661\/revisions"}],"wp:featuredmedia":[{"embeddable":true,"href":"https:\/\/www.europesays.com\/pt\/wp-json\/wp\/v2\/media\/203662"}],"wp:attachment":[{"href":"https:\/\/www.europesays.com\/pt\/wp-json\/wp\/v2\/media?parent=203661"}],"wp:term":[{"taxonomy":"category","embeddable":true,"href":"https:\/\/www.europesays.com\/pt\/wp-json\/wp\/v2\/categories?post=203661"},{"taxonomy":"post_tag","embeddable":true,"href":"https:\/\/www.europesays.com\/pt\/wp-json\/wp\/v2\/tags?post=203661"}],"curies":[{"name":"wp","href":"https:\/\/api.w.org\/{rel}","templated":true}]}}