{"id":203663,"date":"2025-12-26T18:53:07","date_gmt":"2025-12-26T18:53:07","guid":{"rendered":"https:\/\/www.europesays.com\/pt\/203663\/"},"modified":"2025-12-26T18:53:07","modified_gmt":"2025-12-26T18:53:07","slug":"gladiador-dourado-segue-em-desenvolvimento-com-kumail-nanjiani-diz-jornalista","status":"publish","type":"post","link":"https:\/\/www.europesays.com\/pt\/203663\/","title":{"rendered":"Gladiador Dourado segue em desenvolvimento com Kumail Nanjiani, diz jornalista"},"content":{"rendered":"<p class=\"wp-block-yoast-seo-estimated-reading-time yoast-reading-time__wrapper\">Estimated reading time: 2 minutos<\/p>\n<p>Jornalista do <strong>Nexus Point News<\/strong> conhecido como <strong>Apocalyptic Horseman<\/strong> realizou uma sess\u00e3o de perguntas e respostas no <strong>X<\/strong> (antigo <strong>Twitter<\/strong>) onde afirmou que a s\u00e9rie do <a href=\"https:\/\/ovicio.com.br\/tag\/gladiador-dourado\/\" target=\"_blank\" rel=\"noreferrer noopener nofollow\">Gladiador Dourado<\/a> segue em desenvolvimento na <strong>DC Studios<\/strong>.<\/p>\n<p>Mas, n\u00e3o h\u00e1 nenhuma atualiza\u00e7\u00e3o significativa, apenas que <strong>Kumail Nanjiani<\/strong> (Eternos) continua envolvido no papel principal do her\u00f3i viajante do tempo.<\/p>\n<p>&#8220;<strong>N\u00e3o, infelizmente (n\u00e3o h\u00e1 novidades). Continua em desenvolvimento, e pela \u00faltima vez que ouvi, Kumail ainda \u00e9 o Gladiador Dourado<\/strong>,&#8221; declarou.<\/p>\n<blockquote class=\"twitter-tweet\">\n<p lang=\"en\" dir=\"ltr\">Nah unfortunately still being developed. Kumail is still Booster last I heard<\/p>\n<p>\u2014 Apocalyptic Horseman (@ApocHorseman) <a href=\"https:\/\/twitter.com\/ApocHorseman\/status\/2004310312003289533?ref_src=twsrc%5Etfw\" rel=\"nofollow noopener\" target=\"_blank\">December 25, 2025<\/a><\/p>\n<\/blockquote>\n<p>Co-criador de\u00a0<strong>Nossa Bandeira \u00e9 a Morte<\/strong>,\u00a0<strong>David Jenkins<\/strong>\u00a0est\u00e1 confirmado como roteirista do epis\u00f3dio piloto.<\/p>\n<p>Caso a primeira temporada receba sinal verde, Jenkins continuar\u00e1 envolvido na lideran\u00e7a criativa.<\/p>\n<p>A ideia do est\u00fadio \u00e9 construir uma com\u00e9dia sobre a s\u00edndrome do impostor de um super-her\u00f3i. Nos quadrinhos, o Gladiador Dourado \u00e9 um jogador de futebol americano frustrado do futuro que rouba o museu da Liga da Justi\u00e7a e, em busca de fama, viaja ao passado para se passar por super-her\u00f3i.<\/p>\n<p>Leia mais sobre Gladiador Dourado:<\/p>\n<p><strong>Fonte<\/strong>: <a href=\"https:\/\/x.com\/ApocHorseman\/status\/2004310312003289533\" target=\"_blank\" rel=\"noreferrer noopener nofollow\">X<\/a><\/p>\n<p><script async src=\"https:\/\/platform.twitter.com\/widgets.js\" charset=\"utf-8\"><\/script><\/p>\n","protected":false},"excerpt":{"rendered":"Estimated reading time: 2 minutos Jornalista do Nexus Point News conhecido como Apocalyptic Horseman realizou uma sess\u00e3o de&hellip;\n","protected":false},"author":2,"featured_media":203664,"comment_status":"","ping_status":"","sticky":false,"template":"","format":"standard","meta":{"footnotes":""},"categories":[140],"tags":[2945,7319,114,115,147,148,37802,146,32,33],"class_list":{"0":"post-203663","1":"post","2":"type-post","3":"status-publish","4":"format-standard","5":"has-post-thumbnail","7":"category-filmes","8":"tag-dc","9":"tag-dc-studios","10":"tag-entertainment","11":"tag-entretenimento","12":"tag-film","13":"tag-filmes","14":"tag-gladiador-dourado","15":"tag-movies","16":"tag-portugal","17":"tag-pt"},"share_on_mastodon":{"url":"https:\/\/pubeurope.com\/@pt\/115787386519743623","error":""},"_links":{"self":[{"href":"https:\/\/www.europesays.com\/pt\/wp-json\/wp\/v2\/posts\/203663","targetHints":{"allow":["GET"]}}],"collection":[{"href":"https:\/\/www.europesays.com\/pt\/wp-json\/wp\/v2\/posts"}],"about":[{"href":"https:\/\/www.europesays.com\/pt\/wp-json\/wp\/v2\/types\/post"}],"author":[{"embeddable":true,"href":"https:\/\/www.europesays.com\/pt\/wp-json\/wp\/v2\/users\/2"}],"replies":[{"embeddable":true,"href":"https:\/\/www.europesays.com\/pt\/wp-json\/wp\/v2\/comments?post=203663"}],"version-history":[{"count":0,"href":"https:\/\/www.europesays.com\/pt\/wp-json\/wp\/v2\/posts\/203663\/revisions"}],"wp:featuredmedia":[{"embeddable":true,"href":"https:\/\/www.europesays.com\/pt\/wp-json\/wp\/v2\/media\/203664"}],"wp:attachment":[{"href":"https:\/\/www.europesays.com\/pt\/wp-json\/wp\/v2\/media?parent=203663"}],"wp:term":[{"taxonomy":"category","embeddable":true,"href":"https:\/\/www.europesays.com\/pt\/wp-json\/wp\/v2\/categories?post=203663"},{"taxonomy":"post_tag","embeddable":true,"href":"https:\/\/www.europesays.com\/pt\/wp-json\/wp\/v2\/tags?post=203663"}],"curies":[{"name":"wp","href":"https:\/\/api.w.org\/{rel}","templated":true}]}}