{"id":203669,"date":"2025-12-26T18:57:11","date_gmt":"2025-12-26T18:57:11","guid":{"rendered":"https:\/\/www.europesays.com\/pt\/203669\/"},"modified":"2025-12-26T18:57:11","modified_gmt":"2025-12-26T18:57:11","slug":"ia-aumenta-custos-de-tecnologia-em-2026","status":"publish","type":"post","link":"https:\/\/www.europesays.com\/pt\/203669\/","title":{"rendered":"IA Aumenta Custos de Tecnologia em 2026"},"content":{"rendered":"<p>Quem planeia atualizar o seu equipamento inform\u00e1tico ou adquirir um novo telem\u00f3vel no pr\u00f3ximo ano enfrenta um cen\u00e1rio complicado. O mercado tecnol\u00f3gico atravessa o que diversos analistas e publica\u00e7\u00f5es especializadas j\u00e1 designam como \u201cRAMageddon\u201d. Os pre\u00e7os da mem\u00f3ria RAM (DRAM) e do armazenamento (NAND) entraram numa trajet\u00f3ria ascendente no final de 2025, com as previs\u00f5es a apontarem para um agravamento da situa\u00e7\u00e3o durante o primeiro semestre de 2026. A culpa \u00e9 da Intelig\u00eancia Artificial.<\/p>\n<p>Desta vez, ao contr\u00e1rio do que j\u00e1 aconteceu, a g\u00e9nese desta crise n\u00e3o reside na escassez de mat\u00e9rias-primas, mas sim numa mudan\u00e7a estrutural na produ\u00e7\u00e3o dos gigantes dos semicondutores, como a Samsung, a SK Hynix e a Micron. Perante a explos\u00e3o da IA Generativa, a procura por mem\u00f3rias de alta largura de banda (HBM), destinadas a centros de dados, tornou-se a prioridade absoluta. Estes componentes para servidores de IA oferecem margens de lucro substancialmente superiores \u00e0s das mem\u00f3rias destinadas ao mercado de consumo.<\/p>\n<p>Consequentemente, linhas de produ\u00e7\u00e3o que anteriormente fabricavam m\u00f3dulos para computadores pessoais foram reconvertidas para satisfazer as encomendas de empresas como a Nvidia e a Google. A Micron, por exemplo, sinalizou o seu afastamento progressivo do mercado de consumo direto para se focar no setor empresarial. Esta redu\u00e7\u00e3o deliberada da oferta de mem\u00f3rias convencionais fez com que o pre\u00e7o de m\u00f3dulos DDR5 registasse aumentos significativos no \u00faltimo trimestre de 2025.<\/p>\n<p>A consequente infla\u00e7\u00e3o nos componentes ter\u00e1 um impacto direto e inevit\u00e1vel no pre\u00e7o final dos produtos. De acordo com dados das consultoras IDC e Counterpoint Research, estima-se que os computadores pessoais e port\u00e1teis possam sofrer um agravamento de pre\u00e7o entre 8% e 15% em 2026. No segmento dos smartphones, a subida m\u00e9dia prevista fixa-se nos 7%.<\/p>\n<p>O impacto ser\u00e1 particularmente vis\u00edvel nos dispositivos de gama m\u00e9dia e de entrada. Para evitar pre\u00e7os proibitivos, prev\u00ea-se que alguns fabricantes optem por reduzir a capacidade de mem\u00f3ria nos seus modelos base, revertendo para configura\u00e7\u00f5es de 8GB de RAM em equipamentos onde os 12GB ou 16GB se estavam a tornar o padr\u00e3o de mercado. <\/p>\n<p>Especialistas do setor indicam que uma estabiliza\u00e7\u00e3o dos pre\u00e7os s\u00f3 dever\u00e1 ocorrer em meados de 2027, coincidindo com a entrada em funcionamento de novas unidades de produ\u00e7\u00e3o de semicondutores.<\/p>\n","protected":false},"excerpt":{"rendered":"Quem planeia atualizar o seu equipamento inform\u00e1tico ou adquirir um novo telem\u00f3vel no pr\u00f3ximo ano enfrenta um cen\u00e1rio&hellip;\n","protected":false},"author":2,"featured_media":203670,"comment_status":"","ping_status":"","sticky":false,"template":"","format":"standard","meta":{"footnotes":""},"categories":[84],"tags":[109,107,108,933,32,33,105,103,104,106,110],"class_list":{"0":"post-203669","1":"post","2":"type-post","3":"status-publish","4":"format-standard","5":"has-post-thumbnail","7":"category-ciencia-e-tecnologia","8":"tag-ciencia","9":"tag-ciencia-e-tecnologia","10":"tag-cienciaetecnologia","11":"tag-inteligencia-artificial","12":"tag-portugal","13":"tag-pt","14":"tag-science","15":"tag-science-and-technology","16":"tag-scienceandtechnology","17":"tag-technology","18":"tag-tecnologia"},"share_on_mastodon":{"url":"https:\/\/pubeurope.com\/@pt\/115787402575622830","error":""},"_links":{"self":[{"href":"https:\/\/www.europesays.com\/pt\/wp-json\/wp\/v2\/posts\/203669","targetHints":{"allow":["GET"]}}],"collection":[{"href":"https:\/\/www.europesays.com\/pt\/wp-json\/wp\/v2\/posts"}],"about":[{"href":"https:\/\/www.europesays.com\/pt\/wp-json\/wp\/v2\/types\/post"}],"author":[{"embeddable":true,"href":"https:\/\/www.europesays.com\/pt\/wp-json\/wp\/v2\/users\/2"}],"replies":[{"embeddable":true,"href":"https:\/\/www.europesays.com\/pt\/wp-json\/wp\/v2\/comments?post=203669"}],"version-history":[{"count":0,"href":"https:\/\/www.europesays.com\/pt\/wp-json\/wp\/v2\/posts\/203669\/revisions"}],"wp:featuredmedia":[{"embeddable":true,"href":"https:\/\/www.europesays.com\/pt\/wp-json\/wp\/v2\/media\/203670"}],"wp:attachment":[{"href":"https:\/\/www.europesays.com\/pt\/wp-json\/wp\/v2\/media?parent=203669"}],"wp:term":[{"taxonomy":"category","embeddable":true,"href":"https:\/\/www.europesays.com\/pt\/wp-json\/wp\/v2\/categories?post=203669"},{"taxonomy":"post_tag","embeddable":true,"href":"https:\/\/www.europesays.com\/pt\/wp-json\/wp\/v2\/tags?post=203669"}],"curies":[{"name":"wp","href":"https:\/\/api.w.org\/{rel}","templated":true}]}}