{"id":203671,"date":"2025-12-26T18:58:18","date_gmt":"2025-12-26T18:58:18","guid":{"rendered":"https:\/\/www.europesays.com\/pt\/203671\/"},"modified":"2025-12-26T18:58:18","modified_gmt":"2025-12-26T18:58:18","slug":"o-que-2026-vai-trazer","status":"publish","type":"post","link":"https:\/\/www.europesays.com\/pt\/203671\/","title":{"rendered":"o que 2026 vai trazer"},"content":{"rendered":"<p class=\"wp-caption-text top\"><a href=\"https:\/\/depositphotos.com\/photo\/african-american-woman-writing-notebook-boyfriend-looking-taxes-papers-laptop-463283900.html\" rel=\"nofollow noopener noreferrer\" data-wpel-link=\"exclude\" target=\"_blank\">HayDmitriy<\/a><\/p>\n<p><img decoding=\"async\" loading=\"lazy\" class=\"wp-image-719028 size-kopa-image-size-3\" src=\"https:\/\/www.europesays.com\/pt\/wp-content\/uploads\/2025\/12\/ed412a01cf4c6d8fdf64fcc086b11df7-783x450.jpg\" alt=\"\" width=\"700\" height=\"402\"  \/><\/p>\n<p><strong>IRS desce para os escal\u00f5es mais baixos. Sal\u00e1rio m\u00e9dio sobe 4,6%. Maioria das pens\u00f5es aumenta 2,8%. PRR ainda com muito por executar.<\/strong><\/p>\n<p>Novo ano, novas contas. <strong>2026<\/strong> traz diversas altera\u00e7\u00f5es que mexem com o bolso dos portugueses. O <a href=\"https:\/\/www.jornaldenegocios.pt\/economia\/detalhe\/o-que-muda-em-2026-o-que-esperar-nos-impostos-pensoes-e-rendimentos\" data-wpel-link=\"external\" target=\"_blank\" rel=\"nofollow external noopener noreferrer\" class=\"ext-link\">Jornal de Neg\u00f3cios<\/a> fez um resumo das novidades principais.<\/p>\n<p>Nos <strong>impostos,<\/strong> o IRS fica mais baixo para os escal\u00f5es mais baixos; menos 0,3 pontos percentuais para todos que se situam entre os 2.\u00ba e o 5.\u00ba escal\u00f5es. A descida vai notar-se no IRS de todos os contribuintes (incluindo os escal\u00f5es mais altos), devido \u00e0 estrutura progressiva e aos c\u00e1lculos do IRS.<\/p>\n<p>Fica uma d\u00favida: a f\u00f3rmula autom\u00e1tica subiu os escal\u00f5es IRS em 3,51%. \u00c9 uma percentagem superior ao aumento da <a href=\"https:\/\/www.oe.gov.pt\/grandes-numeros\/\" data-wpel-link=\"external\" target=\"_blank\" rel=\"nofollow external noopener noreferrer\" class=\"ext-link\">infla\u00e7\u00e3o<\/a> (2,1%) mas fica abaixo da subida do sal\u00e1rio m\u00e9dio (4,6%).<\/p>\n<p>Traduzindo: estas altera\u00e7\u00f5es, juntas, podem prejudicar trabalhadores cujo sal\u00e1rio seja aumentado.<\/p>\n<p>Precisamente em rela\u00e7\u00e3o aos <strong>sal\u00e1rios,<\/strong> o sal\u00e1rio m\u00ednimo nacional passar\u00e1 para 920 euros; \u00e9 uma subida de 50 euros em rela\u00e7\u00e3o ao valor atual.<\/p>\n<p>O sal\u00e1rio m\u00e9dio dever\u00e1 registar uma subida de 4,6% no novo ano, traduzindo-se numa nova m\u00e9dia de 1.731 euros por m\u00eas.<\/p>\n<p>Os sal\u00e1rios da <strong>Fun\u00e7\u00e3o P\u00fablica<\/strong> sobem 2,15%, ou um aumento de 56,58 euros por m\u00eas \u2013 o que for melhor para o trabalhador, caso a caso.<\/p>\n<p>O sal\u00e1rio mais baixo na Fun\u00e7\u00e3o P\u00fablica sobe 6,4%, ficando nos 934,99 euros no novo ano.<\/p>\n<p>Nas <strong>reformas,<\/strong> a grande maioria (at\u00e9 1.074 euros por m\u00eas) vai subir 2,8%. Ou seja, esse aumento vai registar-se para 90% dos pensionistas.<\/p>\n<p>A partir desse limite de 1.074 euros, as pens\u00f5es sobem um pouco menos: 2,27% em reformas at\u00e9 3.222,78 euros e subida de 2,02% para pens\u00f5es at\u00e9 6.445,56 euros.<\/p>\n<p>J\u00e1 o famoso <strong>PRR<\/strong> \u2013 Plano de Recupera\u00e7\u00e3o e Resili\u00eancia vai ter um ano decisivo: at\u00e9 31 de agosto, todos os investimentos t\u00eam de estar prontos.<\/p>\n<p>O novo empr\u00e9stimo europeu, que ficou 311 milh\u00f5es mais \u201cmagro\u201d, torna assim o objetivo mais f\u00e1cil de executar.<\/p>\n<p>Mas \u00e9 preciso acelerar a execu\u00e7\u00e3o para garantir os 11,3 mil milh\u00f5es de euros que ainda faltam.<\/p>\n<p>    <a href=\"https:\/\/zap.aeiou.pt\/subscrever-newsletter\" data-wpel-link=\"internal\" rel=\"nofollow noopener\" target=\"_blank\">&#13;<br \/>\n        <img loading=\"lazy\" decoding=\"async\" class=\"aligncenter size-full wp-image-575475\" src=\"https:\/\/www.europesays.com\/pt\/wp-content\/uploads\/2025\/12\/1765389371_545_2d51fe4a0ba54894421ead1809309ed9-1-450x140.jpg\" alt=\"Subscreva a Newsletter ZAP\" width=\"450\" height=\"140\"\/>&#13;<br \/>\n    <\/a><\/p>\n<p>                <a href=\"https:\/\/whatsapp.com\/channel\/0029VaIC4EE2f3EJZPPSbR34\" data-wpel-link=\"external\" target=\"_blank\" rel=\"nofollow external noopener noreferrer\" class=\"ext-link\">&#13;<br \/>\n                    <img loading=\"lazy\" decoding=\"async\" class=\"aligncenter size-full wp-image-575475\" src=\"https:\/\/www.europesays.com\/pt\/wp-content\/uploads\/2025\/12\/1765389371_770_c68c559d956d4ca20f435ed74a6e71e6.png\" alt=\"Siga-nos no WhatsApp\" width=\"175\" height=\"64\"\/>&#13;<br \/>\n                <\/a><\/p>\n<p>                <a href=\"https:\/\/news.google.com\/publications\/CAAiEHRwZondIV71PDjWNoqMduEqFAgKIhB0cGaJ3SFe9Tw41jaKjHbh?hl=en-US&amp;gl=US&amp;ceid=US%3Aen\" data-wpel-link=\"external\" target=\"_blank\" rel=\"nofollow external noopener noreferrer\" class=\"ext-link\">&#13;<br \/>\n                    <img loading=\"lazy\" decoding=\"async\" class=\"aligncenter size-full wp-image-575475\" src=\"https:\/\/www.europesays.com\/pt\/wp-content\/uploads\/2025\/12\/1765389372_556_5123dd8b087b644fdb8f8603acd1bad4.png\" alt=\"Siga-nos no Google News\" width=\"176\" height=\"64\"\/>&#13;<br \/>\n                <\/a><\/p>\n","protected":false},"excerpt":{"rendered":"HayDmitriy IRS desce para os escal\u00f5es mais baixos. Sal\u00e1rio m\u00e9dio sobe 4,6%. Maioria das pens\u00f5es aumenta 2,8%. PRR&hellip;\n","protected":false},"author":2,"featured_media":203672,"comment_status":"","ping_status":"","sticky":false,"template":"","format":"standard","meta":{"footnotes":""},"categories":[83],"tags":[88,1359,476,89,90,22067,2501,4306,7707,32,21485,33,6248],"class_list":{"0":"post-203671","1":"post","2":"type-post","3":"status-publish","4":"format-standard","5":"has-post-thumbnail","7":"category-empresas","8":"tag-business","9":"tag-dinheiro","10":"tag-economia","11":"tag-economy","12":"tag-empresas","13":"tag-funcao-publica","14":"tag-impostos","15":"tag-irs","16":"tag-pensoes","17":"tag-portugal","18":"tag-prr","19":"tag-pt","20":"tag-salarios"},"share_on_mastodon":{"url":"https:\/\/pubeurope.com\/@pt\/115787406684610026","error":""},"_links":{"self":[{"href":"https:\/\/www.europesays.com\/pt\/wp-json\/wp\/v2\/posts\/203671","targetHints":{"allow":["GET"]}}],"collection":[{"href":"https:\/\/www.europesays.com\/pt\/wp-json\/wp\/v2\/posts"}],"about":[{"href":"https:\/\/www.europesays.com\/pt\/wp-json\/wp\/v2\/types\/post"}],"author":[{"embeddable":true,"href":"https:\/\/www.europesays.com\/pt\/wp-json\/wp\/v2\/users\/2"}],"replies":[{"embeddable":true,"href":"https:\/\/www.europesays.com\/pt\/wp-json\/wp\/v2\/comments?post=203671"}],"version-history":[{"count":0,"href":"https:\/\/www.europesays.com\/pt\/wp-json\/wp\/v2\/posts\/203671\/revisions"}],"wp:featuredmedia":[{"embeddable":true,"href":"https:\/\/www.europesays.com\/pt\/wp-json\/wp\/v2\/media\/203672"}],"wp:attachment":[{"href":"https:\/\/www.europesays.com\/pt\/wp-json\/wp\/v2\/media?parent=203671"}],"wp:term":[{"taxonomy":"category","embeddable":true,"href":"https:\/\/www.europesays.com\/pt\/wp-json\/wp\/v2\/categories?post=203671"},{"taxonomy":"post_tag","embeddable":true,"href":"https:\/\/www.europesays.com\/pt\/wp-json\/wp\/v2\/tags?post=203671"}],"curies":[{"name":"wp","href":"https:\/\/api.w.org\/{rel}","templated":true}]}}