{"id":203684,"date":"2025-12-26T19:08:10","date_gmt":"2025-12-26T19:08:10","guid":{"rendered":"https:\/\/www.europesays.com\/pt\/203684\/"},"modified":"2025-12-26T19:08:10","modified_gmt":"2025-12-26T19:08:10","slug":"ha-novidades-relativas-a-nico-otamendi-apos-ter-sido-associado-ao-barcelona","status":"publish","type":"post","link":"https:\/\/www.europesays.com\/pt\/203684\/","title":{"rendered":"H\u00e1 novidades relativas a Nico Otamendi ap\u00f3s ter sido associado ao Barcelona"},"content":{"rendered":"<p>&#8211; Advertisement &#8211;<\/p>\n<p><strong>O Benfica n\u00e3o recebeu qualquer oferta por Nico Otamendi. \u00c1guias acreditam que o defesa-central de 37 anos cumprir\u00e1 contrato.<\/strong><\/p>\n<p>O Benfica n\u00e3o est\u00e1 preocupado relativa a uma eventual sa\u00edda de Nico Otamendi, porque, mesmo que chegue alguma oferta (\u00e0 data n\u00e3o chegou) acredita que o defesa-central cumprir\u00e1 o contrato at\u00e9 junho de 2026. Quem o garante \u00e9 a CNN Portugal.<\/p>\n<p>Nos \u00faltimos dias, <a href=\"https:\/\/bolanarede.pt\/especial-bola-na-rede\/atualidade\/imprensa-espanhola-coloca-nicolas-otamendi-como-potencial-reforco-do-barcelona\/\" target=\"_blank\" rel=\"noreferrer noopener nofollow\">Nico Otamendi foi associado ao Barcelona<\/a>, incluindo numa lista de tr\u00eas jogadores como poss\u00edveis alvos para o mercado de janeiro. Stefan de Vrij (Inter Mil\u00e3o) e Marcos Senesi (Bournemouth) s\u00e3o os outros nomes.<\/p>\n<p>Nicol\u00e1s Otamendi est\u00e1 a cumprir a sexta temporada ao servi\u00e7o do Benfica e soma dois golos em 28 jogos nesta \u00e9poca. O internacional argentino de 37 anos j\u00e1 jogou em Espanha, ao servi\u00e7o do Valencia, em 2014\/15.<\/p>\n","protected":false},"excerpt":{"rendered":"&#8211; Advertisement &#8211; O Benfica n\u00e3o recebeu qualquer oferta por Nico Otamendi. \u00c1guias acreditam que o defesa-central de&hellip;\n","protected":false},"author":2,"featured_media":203685,"comment_status":"","ping_status":"","sticky":false,"template":"","format":"standard","meta":{"footnotes":""},"categories":[87],"tags":[260,1235,51,135,478,17081,32,33,134],"class_list":{"0":"post-203684","1":"post","2":"type-post","3":"status-publish","4":"format-standard","5":"has-post-thumbnail","7":"category-desporto","8":"tag-atualidade","9":"tag-barcelona","10":"tag-benfica","11":"tag-desporto","12":"tag-destaques-bnr","13":"tag-nico-otamendi","14":"tag-portugal","15":"tag-pt","16":"tag-sports"},"share_on_mastodon":{"url":"https:\/\/pubeurope.com\/@pt\/115787445398617683","error":""},"_links":{"self":[{"href":"https:\/\/www.europesays.com\/pt\/wp-json\/wp\/v2\/posts\/203684","targetHints":{"allow":["GET"]}}],"collection":[{"href":"https:\/\/www.europesays.com\/pt\/wp-json\/wp\/v2\/posts"}],"about":[{"href":"https:\/\/www.europesays.com\/pt\/wp-json\/wp\/v2\/types\/post"}],"author":[{"embeddable":true,"href":"https:\/\/www.europesays.com\/pt\/wp-json\/wp\/v2\/users\/2"}],"replies":[{"embeddable":true,"href":"https:\/\/www.europesays.com\/pt\/wp-json\/wp\/v2\/comments?post=203684"}],"version-history":[{"count":0,"href":"https:\/\/www.europesays.com\/pt\/wp-json\/wp\/v2\/posts\/203684\/revisions"}],"wp:featuredmedia":[{"embeddable":true,"href":"https:\/\/www.europesays.com\/pt\/wp-json\/wp\/v2\/media\/203685"}],"wp:attachment":[{"href":"https:\/\/www.europesays.com\/pt\/wp-json\/wp\/v2\/media?parent=203684"}],"wp:term":[{"taxonomy":"category","embeddable":true,"href":"https:\/\/www.europesays.com\/pt\/wp-json\/wp\/v2\/categories?post=203684"},{"taxonomy":"post_tag","embeddable":true,"href":"https:\/\/www.europesays.com\/pt\/wp-json\/wp\/v2\/tags?post=203684"}],"curies":[{"name":"wp","href":"https:\/\/api.w.org\/{rel}","templated":true}]}}