{"id":203686,"date":"2025-12-26T19:09:11","date_gmt":"2025-12-26T19:09:11","guid":{"rendered":"https:\/\/www.europesays.com\/pt\/203686\/"},"modified":"2025-12-26T19:09:11","modified_gmt":"2025-12-26T19:09:11","slug":"tamara-7-beneficios-da-fruta-e-como-inclui-la-no-cardapio-de-final-de-ano","status":"publish","type":"post","link":"https:\/\/www.europesays.com\/pt\/203686\/","title":{"rendered":"T\u00e2mara: 7 benef\u00edcios da fruta e como inclu\u00ed-la no card\u00e1pio de final de ano"},"content":{"rendered":"<p><img fetchpriority=\"high\" decoding=\"async\" class=\"w-fit lg:w-full\" loading=\"eager\" src=\"https:\/\/www.europesays.com\/pt\/wp-content\/uploads\/2025\/12\/5580168_216e8fcdf2e6d60.jpg\" title=\"MalikNalik \/ Shutterstock | Portal EdiCase\" alt=\"MalikNalik \/ Shutterstock | Portal EdiCase\" width=\"700\" height=\"477\"\/>A t\u00e2mara \u00e9 uma fruta saborosa e ben\u00e9fica para a sa\u00fade MalikNalik \/ Shutterstock | Portal EdiCase<\/p>\n<p>Nos \u00faltimos anos, a t\u00e2mara conquistou espa\u00e7o nas ceias dos brasileiros. Seu sabor adocicado tem agradado novos paladares e, na gastronomia, a fruta tem se destacado como uma alternativa natural ao a\u00e7\u00facar no preparo de bolos, tortas e sobremesas.<\/p>\n<p>Origin\u00e1ria especialmente de regi\u00f5es des\u00e9rticas como Egito, Ar\u00e1bia Saudita, Ir\u00e3 e Iraque, a t\u00e2mara \u00e9 cultivada h\u00e1 mais de 5 mil anos. Tradicional nesses pa\u00edses, \u00e9 considerada um s\u00edmbolo de vitalidade e fartura, sendo mencionada em textos religiosos e hist\u00f3ricos.<\/p>\n<p>A t\u00e2mara \u00e9 rica em a\u00e7\u00facares naturais, fibras e micronutrientes essenciais, como<strong> pot\u00e1ssio<\/strong>, magn\u00e9sio, c\u00e1lcio, ferro, folato, f\u00f3sforo, zinco e vitaminas do complexo B. Cont\u00e9m prote\u00ednas, gorduras e carboidratos simples, como frutose e glicose, que garantem uma excelente fonte natural de energia r\u00e1pida.<\/p>\n<p>\u201cPor esse alto valor nutricional, \u00e9 consumida em grandes jornadas pelo deserto, em per\u00edodos religiosos de jejum e, entre n\u00f3s, por atletas, no pr\u00e9-treino e na culin\u00e1ria\u201d, detalha o Prof. Dr. Durval Ribas Filho, nutr\u00f3logo, Fellow da The Obesity Society (EUA) e presidente da Associa\u00e7\u00e3o Brasileira de Nutrologia (ABRAN).<\/p>\n<p>A seguir, confira outros 7 benef\u00edcios da t\u00e2mara e como inclu\u00ed-la no card\u00e1pio de fim de ano!<\/p>\n<p>1. <strong>Potente a\u00e7\u00e3o antioxidante<\/strong><\/p>\n<p>A t\u00e2mara cont\u00e9m compostos fen\u00f3licos, flavonoides e carotenoides que combatem os radicais livres, auxiliando na preven\u00e7\u00e3o do<strong> envelhecimento precoce <\/strong>e de doen\u00e7as cr\u00f4nicas, al\u00e9m de oferecer efeitos anti-inflamat\u00f3rios e cardioprotetores.<\/p>\n<p>2. <strong>Aumenta a resist\u00eancia de ossos e m\u00fasculos<\/strong><\/p>\n<p>Gra\u00e7as ao c\u00e1lcio, magn\u00e9sio e f\u00f3sforo, a t\u00e2mara \u00e9 aliada da sa\u00fade \u00f3ssea e muscular.<\/p>\n<p>3. <strong>Estimula o bom funcionamento intestinal\u00a0<\/strong><\/p>\n<p>Rica em fibras sol\u00faveis, a t\u00e2mara contribui para o bom funcionamento do intestino e ajuda a prevenir a constipa\u00e7\u00e3o. 100 g da fruta fornecem cerca de 7 g de fibras. Ela tamb\u00e9m pode atuar como prebi\u00f3ticos, ao estimular bact\u00e9rias \u201cdo bem\u201d e reduzir as nocivas.<\/p>\n<p>4. <strong>Beneficia o sistema cardiovascular<\/strong><\/p>\n<p>O pot\u00e1ssio e o magn\u00e9sio da t\u00e2mara ajudam a regular a <strong>press\u00e3o arterial<\/strong> e a manter o ritmo card\u00edaco est\u00e1vel.<\/p>\n<p>5. <strong>Potencializa a performance cerebral<\/strong><\/p>\n<p>As vitaminas do complexo B e os antioxidantes da t\u00e2mara contribuem para a fun\u00e7\u00e3o cognitiva e a prote\u00e7\u00e3o das c\u00e9lulas nervosas, com efeito neuroprotetor.<\/p>\n<p><img decoding=\"async\" class=\"w-fit lg:w-full\" loading=\"eager\" src=\"https:\/\/www.europesays.com\/pt\/wp-content\/uploads\/2025\/12\/5580169_2e416c0562d34d9.jpg\" title=\"New Africa \/ Shutterstock | Portal EdiCase\" alt=\"New Africa \/ Shutterstock | Portal EdiCase\" width=\"700\" height=\"477\"\/>A t\u00e2mara ajuda a repor as energias, os sais minerais e os a\u00e7\u00facares rapidamente New Africa \/ Shutterstock | Portal EdiCase<\/p>\n<p>6. <strong>Libera\u00e7\u00e3o r\u00e1pida de energia<\/strong><\/p>\n<p>Tradicionalmente consumida para quebrar o jejum durante o Ramad\u00e3, per\u00edodo religioso em que se permanece muitas horas sem se alimentar, a fruta \u00e9 escolhida por repor rapidamente energia, sais minerais e a\u00e7\u00facares, podendo combater o cansa\u00e7o di\u00e1rio.<\/p>\n<p>7. <strong>Equil\u00edbrio dos n\u00edveis glic\u00eamicos<\/strong><\/p>\n<p>Apesar do sabor doce, muitas variedades apresentam \u00edndice glic\u00eamico m\u00e9dio\/baixo (35-55), ajudando a controlar os n\u00edveis de a\u00e7\u00facar no sangue, <strong>evitando picos de insulina <\/strong>e auxiliando na preven\u00e7\u00e3o do diabetes. O consumo moderado \u2014 at\u00e9 tr\u00eas unidades por dia \u2014 tem baixo impacto na glicemia, podendo ser inclu\u00eddo em uma alimenta\u00e7\u00e3o balanceada.<\/p>\n<p><strong>Faz bem para sa\u00fade, mas fique de olho nas calorias<\/strong><\/p>\n<p>Embora a t\u00e2mara ofere\u00e7a vantagens, o Prof. Dr. Durval Ribas Filho ressalta que o consumo deve ser moderado. \u201cApesar de trazer benef\u00edcios para a sa\u00fade, as t\u00e2maras secas possuem mais carboidratos e calorias por por\u00e7\u00e3o em compara\u00e7\u00e3o \u00e0s t\u00e2maras frescas \u2014 cerca de 280 a 310 kcal em 100 g \u2014 porque, no processo de desidrata\u00e7\u00e3o, os nutrientes ficam mais concentrados. Por isso, a recomenda\u00e7\u00e3o \u00e9 de 2 a 3 unidades por dia, como parte de uma dieta equilibrada. Pessoas com diabetes ou que desejam perder peso devem consumir com modera\u00e7\u00e3o\u201d, orienta.<\/p>\n<p>T\u00e2mara no card\u00e1pio de fim de ano<\/p>\n<p>Na ceia Ano-Novo, vale experimentar a fruta com as seguintes combina\u00e7\u00f5es:<\/p>\n<ul>\n<li class=\"unordered-list-item\"><strong>Petiscos de boas-vindas:<\/strong>\u00a0recheadas com pastas de castanhas, queijos cremosos ou na t\u00e1bua de queijos \u2014 com castanhas e frutas frescas;<\/li>\n<li class=\"unordered-list-item\"><strong>Na salada de festa:<\/strong>\u00a0para enriquecer o mix de folhas verdes ou com <strong>gr\u00e3o-de-bico<\/strong>, com tempero saud\u00e1vel de hortel\u00e3 e lim\u00e3o;<\/li>\n<li class=\"unordered-list-item\"><strong>Na farofa<\/strong>: toque agridoce na receita de fam\u00edlia;<\/li>\n<li class=\"unordered-list-item\"><strong>Nas carnes<\/strong>: combina\u00e7\u00e3o com peru, tender, lombo nos recheios ou nos molhos, com vinho e especiarias;<\/li>\n<li class=\"unordered-list-item\"><strong>No prato quente<\/strong>: no arroz ou inovando com o cuscuz marroquino, combina com castanha e damasco;<\/li>\n<li class=\"unordered-list-item\"><strong>Na sobremesa<\/strong>: substituta do a\u00e7\u00facar refinado em bolos, tortas e recheios.<\/li>\n<\/ul>\n","protected":false},"excerpt":{"rendered":"A t\u00e2mara \u00e9 uma fruta saborosa e ben\u00e9fica para a sa\u00fade MalikNalik \/ Shutterstock | Portal EdiCase Nos&hellip;\n","protected":false},"author":2,"featured_media":203687,"comment_status":"","ping_status":"","sticky":false,"template":"","format":"standard","meta":{"footnotes":""},"categories":[86],"tags":[4227,116,32,33,117],"class_list":{"0":"post-203686","1":"post","2":"type-post","3":"status-publish","4":"format-standard","5":"has-post-thumbnail","7":"category-saude","8":"tag-edi-case","9":"tag-health","10":"tag-portugal","11":"tag-pt","12":"tag-saude"},"share_on_mastodon":{"url":"https:\/\/pubeurope.com\/@pt\/115787449528790400","error":""},"_links":{"self":[{"href":"https:\/\/www.europesays.com\/pt\/wp-json\/wp\/v2\/posts\/203686","targetHints":{"allow":["GET"]}}],"collection":[{"href":"https:\/\/www.europesays.com\/pt\/wp-json\/wp\/v2\/posts"}],"about":[{"href":"https:\/\/www.europesays.com\/pt\/wp-json\/wp\/v2\/types\/post"}],"author":[{"embeddable":true,"href":"https:\/\/www.europesays.com\/pt\/wp-json\/wp\/v2\/users\/2"}],"replies":[{"embeddable":true,"href":"https:\/\/www.europesays.com\/pt\/wp-json\/wp\/v2\/comments?post=203686"}],"version-history":[{"count":0,"href":"https:\/\/www.europesays.com\/pt\/wp-json\/wp\/v2\/posts\/203686\/revisions"}],"wp:featuredmedia":[{"embeddable":true,"href":"https:\/\/www.europesays.com\/pt\/wp-json\/wp\/v2\/media\/203687"}],"wp:attachment":[{"href":"https:\/\/www.europesays.com\/pt\/wp-json\/wp\/v2\/media?parent=203686"}],"wp:term":[{"taxonomy":"category","embeddable":true,"href":"https:\/\/www.europesays.com\/pt\/wp-json\/wp\/v2\/categories?post=203686"},{"taxonomy":"post_tag","embeddable":true,"href":"https:\/\/www.europesays.com\/pt\/wp-json\/wp\/v2\/tags?post=203686"}],"curies":[{"name":"wp","href":"https:\/\/api.w.org\/{rel}","templated":true}]}}