{"id":203694,"date":"2025-12-26T19:17:38","date_gmt":"2025-12-26T19:17:38","guid":{"rendered":"https:\/\/www.europesays.com\/pt\/203694\/"},"modified":"2025-12-26T19:17:38","modified_gmt":"2025-12-26T19:17:38","slug":"frio-siberiano-afeta-norte-e-passagem-de-ano-sera-sem-chuva-observador","status":"publish","type":"post","link":"https:\/\/www.europesays.com\/pt\/203694\/","title":{"rendered":"Frio siberiano afeta Norte e Passagem de Ano ser\u00e1 sem chuva \u2013 Observador"},"content":{"rendered":"<p>A chamada <a href=\"https:\/\/observador.pt\/2025\/12\/18\/duas-frentes-frias-uma-massa-de-ar-polar-e-depois-ate-pode-chegar-a-besta-de-leste-chuva-frio-e-muita-neve-ate-depois-do-natal\/\" rel=\"nofollow noopener\" target=\"_blank\">\u201cbesta de leste\u201d<\/a> \u2014 uma massa de ar gelado e seco vinda da Sib\u00e9ria \u2014 chegou ao continente portugu\u00eas logo ap\u00f3s o Natal, mergulhando o norte do pa\u00eds em temperaturas anormalmente baixas. Em algumas regi\u00f5es o term\u00f3metro desceu abaixo de 0 \u00baC, sobretudo no Norte, <a href=\"https:\/\/observador.pt\/2025\/12\/24\/ipma-coloca-11-distritos-de-portugal-continental-em-aviso-amarelo-por-tempo-frio\/\" rel=\"nofollow noopener\" target=\"_blank\">onde todos os distritos se encontram sob aviso amarelo at\u00e9 \u00e0s 6h00 de s\u00e1bado<\/a>, informou o Instituto Portugu\u00eas do Mar e da Atmosfera (IPMA).<\/p>\n<blockquote class=\"wp-embedded-content\" data-secret=\"6bi144rfrn\">\n<p><a href=\"https:\/\/observador.pt\/2025\/12\/24\/ipma-coloca-11-distritos-de-portugal-continental-em-aviso-amarelo-por-tempo-frio\/\" rel=\"nofollow noopener\" target=\"_blank\">IPMA coloca 11 distritos de Portugal continental em aviso amarelo por tempo frio<\/a><\/p>\n<\/blockquote>\n<p>Sob alerta est\u00e3o Viseu, Porto, Guarda, Vila Real, Viana do Castelo, Castelo Branco, Aveiro, Coimbra, Portalegre, Braga e Bragan\u00e7a, distrito para o qual as previs\u00f5es desta sexta-feira do IPMA apontavam o valor mais baixo, <strong>\u00a0\u20134 \u00baC esta sexta-feira.<\/strong><\/p>\n<p>Ali\u00e1s, na quarta-feira, o Instituto j\u00e1 apontava \u201cpara uma uma descida de temperatura, em especial da m\u00ednima, com valores entre -5 e 0\u00b0 C na generalidade das regi\u00f5es do interior Norte e Centro e do Alto Alentejo, e entre 0 e 5\u00b0 C nas restantes regi\u00f5es, exceto alguns locais da faixa costeira a sul do Cabo Carvoeiro, onde ser\u00e3o superiores. Os valores de temperatura m\u00e1xima dever\u00e3o variar entre 10 e 15\u00b0 C [Faro] na maior parte do territ\u00f3rio, sendo inferiores no interior Norte e Centro, onde variam entre 4 e 9\u00b0 C.\u201d<\/p>\n<p>O pico do frio ser\u00e1 nesta sexta-feira e s\u00e1bado, depois as temperaturas subir\u00e3o ligeiramente mas a noite de Passagem de Ano vai sempre pedir agasalhos. As baixas temperaturas v\u00e3o manter-se at\u00e9 31 de dezembro, embora amenizem um pouco a partir desta sexta-feira, avisa M\u00e1rio Marques, em declara\u00e7\u00f5es \u00e0 SIC.\u00a0 A noite de Passagem de Ano ser\u00e1 \u201cfria\u201d, bem como \u201cos dias seguintes, mas, provavelmente, sem chuva\u201d, concluiu o climatologista \u00e0 esta\u00e7\u00e3o televisiva.<\/p>\n<blockquote class=\"wp-embedded-content\" data-secret=\"OfHVN0kFAC\">\n<p><a href=\"https:\/\/observador.pt\/2025\/12\/21\/neve-varias-zonas-do-pais-pintadas-de-branco-no-primeiro-dia-do-inverno\/\" rel=\"nofollow noopener\" target=\"_blank\">Neve. V\u00e1rias zonas do pa\u00eds pintadas de branco no primeiro dia do inverno<\/a><\/p>\n<\/blockquote>\n<p>Al\u00e9m do frio, prev\u00ea-se para esta sexta-feira no Norte alguma possibilidade de aguaceiros dispersos no litoral oeste, forma\u00e7\u00e3o de gelo ou geada e intensifica\u00e7\u00e3o do vento ao final do dia. A chuva ser\u00e1 mais prov\u00e1vel \u201cat\u00e9 ao meio da tarde no litoral Norte e Centro, e a partir da tarde no litoral da regi\u00e3o Sul\u201d, afirma o IPMA.<\/p>\n<p>\u201cEstes aguaceiros, a ocorrer, ser\u00e3o sob a forma de neve acima de 400\/600 metros no Norte e Centro, podendo descer localmente a cotas mais baixas na regi\u00e3o Norte no in\u00edcio do dia\u201d, continua o Instituto.<\/p>\n<p>Tamb\u00e9m o climatologista M\u00e1rio Marques refere esta \u201chip\u00f3tese muito remota de queda de neve durante a manh\u00e3\u201d, acima dos 600 metros, refor\u00e7ando que a temperatura dever\u00e1 subir ao longo do dia. O especialista acrescentou que a depress\u00e3o que est\u00e1 a afetar o pa\u00eds vai agora \u201cpara o sudoeste e ir\u00e1 afetar, <strong>sobretudo amanh\u00e3 [s\u00e1bado], a regi\u00e3o a sul do Tejo<\/strong>, incluindo Lisboa, que ter\u00e1 alguns aguaceiros no s\u00e1bado e domingo ao passo que o Norte apresentar\u00e1 um tempo mais soalheiro\u201d.<\/p>\n<p>Texto editado por Dulce Neto<\/p>\n","protected":false},"excerpt":{"rendered":"A chamada \u201cbesta de leste\u201d \u2014 uma massa de ar gelado e seco vinda da Sib\u00e9ria \u2014 chegou&hellip;\n","protected":false},"author":2,"featured_media":203695,"comment_status":"","ping_status":"","sticky":false,"template":"","format":"standard","meta":{"footnotes":""},"categories":[8],"tags":[964,27,28,442,2271,40412,15,16,9086,14,25,26,21,22,606,12,13,19,20,32,23,24,33,2946,17,18,29,30,31],"class_list":{"0":"post-203694","1":"post","2":"type-post","3":"status-publish","4":"format-standard","5":"has-post-thumbnail","7":"category-principais-noticias","8":"tag-ambiente","9":"tag-breaking-news","10":"tag-breakingnews","11":"tag-ciu00eancia","12":"tag-clima","13":"tag-depressu00e3o","14":"tag-featured-news","15":"tag-featurednews","16":"tag-frio","17":"tag-headlines","18":"tag-latest-news","19":"tag-latestnews","20":"tag-main-news","21":"tag-mainnews","22":"tag-meteorologia","23":"tag-news","24":"tag-noticias","25":"tag-noticias-principais","26":"tag-noticiasprincipais","27":"tag-portugal","28":"tag-principais-noticias","29":"tag-principaisnoticias","30":"tag-pt","31":"tag-sau00fade","32":"tag-top-stories","33":"tag-topstories","34":"tag-ultimas","35":"tag-ultimas-noticias","36":"tag-ultimasnoticias"},"share_on_mastodon":{"url":"https:\/\/pubeurope.com\/@pt\/115787480696611226","error":""},"_links":{"self":[{"href":"https:\/\/www.europesays.com\/pt\/wp-json\/wp\/v2\/posts\/203694","targetHints":{"allow":["GET"]}}],"collection":[{"href":"https:\/\/www.europesays.com\/pt\/wp-json\/wp\/v2\/posts"}],"about":[{"href":"https:\/\/www.europesays.com\/pt\/wp-json\/wp\/v2\/types\/post"}],"author":[{"embeddable":true,"href":"https:\/\/www.europesays.com\/pt\/wp-json\/wp\/v2\/users\/2"}],"replies":[{"embeddable":true,"href":"https:\/\/www.europesays.com\/pt\/wp-json\/wp\/v2\/comments?post=203694"}],"version-history":[{"count":0,"href":"https:\/\/www.europesays.com\/pt\/wp-json\/wp\/v2\/posts\/203694\/revisions"}],"wp:featuredmedia":[{"embeddable":true,"href":"https:\/\/www.europesays.com\/pt\/wp-json\/wp\/v2\/media\/203695"}],"wp:attachment":[{"href":"https:\/\/www.europesays.com\/pt\/wp-json\/wp\/v2\/media?parent=203694"}],"wp:term":[{"taxonomy":"category","embeddable":true,"href":"https:\/\/www.europesays.com\/pt\/wp-json\/wp\/v2\/categories?post=203694"},{"taxonomy":"post_tag","embeddable":true,"href":"https:\/\/www.europesays.com\/pt\/wp-json\/wp\/v2\/tags?post=203694"}],"curies":[{"name":"wp","href":"https:\/\/api.w.org\/{rel}","templated":true}]}}