{"id":203698,"date":"2025-12-26T19:25:13","date_gmt":"2025-12-26T19:25:13","guid":{"rendered":"https:\/\/www.europesays.com\/pt\/203698\/"},"modified":"2025-12-26T19:25:13","modified_gmt":"2025-12-26T19:25:13","slug":"avatar-fogo-e-cinzas-deve-registar-segundo-fim-de-semana-superior-ao-de-o-caminho-da-agua","status":"publish","type":"post","link":"https:\/\/www.europesays.com\/pt\/203698\/","title":{"rendered":"Avatar: Fogo e Cinzas deve registar segundo fim de semana superior ao de O Caminho da \u00c1gua"},"content":{"rendered":"<p class=\"wp-block-yoast-seo-estimated-reading-time yoast-reading-time__wrapper\">Estimated reading time: 1 minuto<\/p>\n<p>Mesmo tendo uma abertura dom\u00e9stica US$ 40 milh\u00f5es menor que a de <strong>O Caminho da \u00c1gua (2022)<\/strong>, <a href=\"https:\/\/ovicio.com.br\/filme\/avatar-3\/\" target=\"_blank\" rel=\"noreferrer noopener nofollow\">Avatar: Fogo e Cinzas (2025)<\/a> caminha para um desempenho superior na segunda semana.<\/p>\n<p>A previs\u00e3o \u00e9 de uma arrecada\u00e7\u00e3o dom\u00e9stica de mais de US$ 70 milh\u00f5es no segundo fim de semana, superando os US$ 63 milh\u00f5es do segundo filme.<\/p>\n<p>Agora, sim, d\u00e1 para vislumbrar claramente um horizonte com<strong> Avatar: Fogo e Cinzas (2025) <\/strong>sendo mais um filme da franquia a bater US$ 2 bilh\u00f5es.<\/p>\n<p>O terceiro longa da franquia, vale ressaltar, j\u00e1 est\u00e1 em exibi\u00e7\u00e3o nos cinemas brasileiros.<\/p>\n<p>Leia tamb\u00e9m sobre Avatar:<\/p>\n<p><strong>Fonte: <\/strong><a href=\"https:\/\/x.com\/cosmic_marvel\/status\/2004601613001052447?s=20\" target=\"_blank\" rel=\"noreferrer noopener nofollow\">CosmicMarvel<\/a><\/p>\n","protected":false},"excerpt":{"rendered":"Estimated reading time: 1 minuto Mesmo tendo uma abertura dom\u00e9stica US$ 40 milh\u00f5es menor que a de O&hellip;\n","protected":false},"author":2,"featured_media":203699,"comment_status":"","ping_status":"","sticky":false,"template":"","format":"standard","meta":{"footnotes":""},"categories":[140],"tags":[14292,21826,21827,21828,22592,1579,114,115,147,148,7328,146,32,33],"class_list":{"0":"post-203698","1":"post","2":"type-post","3":"status-publish","4":"format-standard","5":"has-post-thumbnail","7":"category-filmes","8":"tag-20th-century-studios","9":"tag-avatar","10":"tag-avatar-3","11":"tag-avatar-fogo-e-cinzas","12":"tag-avatar-o-caminho-da-agua","13":"tag-disney","14":"tag-entertainment","15":"tag-entretenimento","16":"tag-film","17":"tag-filmes","18":"tag-james-cameron","19":"tag-movies","20":"tag-portugal","21":"tag-pt"},"share_on_mastodon":{"url":"https:\/\/pubeurope.com\/@pt\/115787512339458561","error":""},"_links":{"self":[{"href":"https:\/\/www.europesays.com\/pt\/wp-json\/wp\/v2\/posts\/203698","targetHints":{"allow":["GET"]}}],"collection":[{"href":"https:\/\/www.europesays.com\/pt\/wp-json\/wp\/v2\/posts"}],"about":[{"href":"https:\/\/www.europesays.com\/pt\/wp-json\/wp\/v2\/types\/post"}],"author":[{"embeddable":true,"href":"https:\/\/www.europesays.com\/pt\/wp-json\/wp\/v2\/users\/2"}],"replies":[{"embeddable":true,"href":"https:\/\/www.europesays.com\/pt\/wp-json\/wp\/v2\/comments?post=203698"}],"version-history":[{"count":0,"href":"https:\/\/www.europesays.com\/pt\/wp-json\/wp\/v2\/posts\/203698\/revisions"}],"wp:featuredmedia":[{"embeddable":true,"href":"https:\/\/www.europesays.com\/pt\/wp-json\/wp\/v2\/media\/203699"}],"wp:attachment":[{"href":"https:\/\/www.europesays.com\/pt\/wp-json\/wp\/v2\/media?parent=203698"}],"wp:term":[{"taxonomy":"category","embeddable":true,"href":"https:\/\/www.europesays.com\/pt\/wp-json\/wp\/v2\/categories?post=203698"},{"taxonomy":"post_tag","embeddable":true,"href":"https:\/\/www.europesays.com\/pt\/wp-json\/wp\/v2\/tags?post=203698"}],"curies":[{"name":"wp","href":"https:\/\/api.w.org\/{rel}","templated":true}]}}