{"id":203705,"date":"2025-12-26T19:29:10","date_gmt":"2025-12-26T19:29:10","guid":{"rendered":"https:\/\/www.europesays.com\/pt\/203705\/"},"modified":"2025-12-26T19:29:10","modified_gmt":"2025-12-26T19:29:10","slug":"trajetoria-do-cometa-3i-atlas-pelo-sistema-solar-chega-ao-fim","status":"publish","type":"post","link":"https:\/\/www.europesays.com\/pt\/203705\/","title":{"rendered":"Trajet\u00f3ria do cometa 3I\/Atlas pelo Sistema Solar chega ao fim"},"content":{"rendered":"<p class=\"my-5 break-words group-[.isActiveSource]:text-xl\">Chega ao fim a trajet\u00f3ria do cometa interestelar 3I\/Atlas, que concluiu sua passagem pelo nosso sistema solar e agora segue o curso para outros sistemas planet\u00e1rios.\u00a0<\/p>\n<p class=\"my-5 break-words group-[.isActiveSource]:text-xl\">O visitante, que foi observado durante meses, proporcionou aos cientistas uma janela \u00fanica para estudar a forma\u00e7\u00e3o de cometas e a evolu\u00e7\u00e3o da gal\u00e1xia.\u00a0<\/p>\n<p>Por que a passagem do cometa intrigou os especialistas?<\/p>\n<p class=\"my-5 break-words group-[.isActiveSource]:text-xl\">O\u00a0<a href=\"https:\/\/www.cnnbrasil.com.br\/tecnologia\/cometa-3i-atlas-e-mais-antigo-que-o-planeta-terra-afirma-astronomo\/\" target=\"_blank\" rel=\"noopener noreferrer nofollow\" class=\"text-red-600 underline hover:text-red-500 font-medium break-words group-[.isActiveSource]:text-xl\">3I\/Atlas<\/a> apresentou caracter\u00edsticas inesperadas, incluindo um\u00a0aumento de brilho maior do que o previsto, o que despertou grande interesse entre astr\u00f4nomos. <\/p>\n<p class=\"my-5 break-words group-[.isActiveSource]:text-xl\">A trajet\u00f3ria e a composi\u00e7\u00e3o do cometa forneceram pistas valiosas sobre os materiais primordiais de sistemas estelares antigos, oferecendo um comparativo com os corpos celestes formados ao redor do Sol.\u00a0<\/p>\n<p class=\"my-5 break-words group-[.isActiveSource]:text-xl\">O\u00a03I\/Atlas\u00a0se destaca por v\u00e1rios motivos. Ele \u00e9 apenas o\u00a0terceiro corpo interestelar j\u00e1 registrado atravessando o sistema solar, juntando-se ao 1I\/\u2018Oumuamua, observado em 2017, e ao 2I\/Borisov, identificado em 2019.\u00a0<\/p>\n<p class=\"my-5 break-words group-[.isActiveSource]:text-xl\">Al\u00e9m disso, os dados indicam que o objeto pode ter\u00a0mais de 7 bilh\u00f5es de anos, o que o torna\u00a0muito mais antigo que o pr\u00f3prio <a href=\"https:\/\/www.cnnbrasil.com.br\/tecnologia\/planeta-em-formato-de-limao-descoberto-pela-nasa-intriga-cientistas\/\" target=\"_blank\" rel=\"noopener noreferrer nofollow\" class=\"text-red-600 underline hover:text-red-500 font-medium break-words group-[.isActiveSource]:text-xl\">sistema solar.<\/a><a href=\"https:\/\/www.cnnbrasil.com.br\/tecnologia\/planeta-em-formato-de-limao-descoberto-pela-nasa-intriga-cientistas\/\" class=\"text-red-600 underline hover:text-red-500 font-medium break-words group-[.isActiveSource]:text-xl\" target=\"_self\" rel=\"nofollow noopener\">\u00a0<\/a><\/p>\n<p class=\"my-5 break-words group-[.isActiveSource]:text-xl\">Outro aspecto not\u00e1vel \u00e9 a presen\u00e7a de\u00a0quantidades significativas de \u00e1gua e gelo, materiais que provavelmente se formaram no chamado\u00a0disco espesso da Via L\u00e1ctea, uma regi\u00e3o estelar mais antiga do que o disco fino onde o Sol se originou.\u00a0<\/p>\n<p class=\"my-5 break-words group-[.isActiveSource]:text-xl\">Todas essas caracter\u00edsticas tornam o 3I\/Atlas um verdadeiro laborat\u00f3rio natural, permitindo que pesquisadores explorem a hist\u00f3ria da forma\u00e7\u00e3o de planetas e cometas fora do nosso sistema solar.\u00a0<\/p>\n<p class=\"my-5 break-words group-[.isActiveSource]:text-xl\">O cometa foi monitorado por uma s\u00e9rie de instrumentos avan\u00e7ados, como os sat\u00e9lites de observa\u00e7\u00e3o solar\u00a0STEREO-A e STEREO-B, o\u00a0SOHO, observat\u00f3rio solar e\u00a0heliosf\u00e9rico, e o\u00a0GOES-19, sat\u00e9lite meteorol\u00f3gico com capacidade de monitoramento astron\u00f4mico. <\/p>\n<p class=\"my-5 break-words group-[.isActiveSource]:text-xl\">Essas observa\u00e7\u00f5es revelaram que o aumento de<a href=\"https:\/\/www.cnnbrasil.com.br\/tecnologia\/cometa-mais-brilhante-do-ano-podera-ser-visto-do-brasil-ainda-neste-mes\/\" target=\"_blank\" rel=\"noopener noreferrer nofollow\" class=\"text-red-600 underline hover:text-red-500 font-medium break-words group-[.isActiveSource]:text-xl\"> brilho do cometa<\/a> excedeu em muito o esperado, um fen\u00f4meno ainda n\u00e3o totalmente explicado, mas que refor\u00e7a a singularidade do 3I\/ATLAS.\u00a0<\/p>\n<p class=\"my-5 break-words group-[.isActiveSource]:text-xl\">Agora, enquanto o cometa retorna para as regi\u00f5es externas do sistema solar e prossegue sua jornada pela\u00a0Via L\u00e1ctea, os dados coletados continuar\u00e3o a fornecer\u00a0insights importantes sobre a composi\u00e7\u00e3o e evolu\u00e7\u00e3o de corpos interestelares.\u00a0<\/p>\n<p class=\"my-5 break-words group-[.isActiveSource]:text-xl\">\u00a0<\/p>\n<p class=\"my-5 break-words group-[.isActiveSource]:text-xl\">\u00a0<\/p>\n","protected":false},"excerpt":{"rendered":"Chega ao fim a trajet\u00f3ria do cometa interestelar 3I\/Atlas, que concluiu sua passagem pelo nosso sistema solar e&hellip;\n","protected":false},"author":2,"featured_media":203706,"comment_status":"","ping_status":"","sticky":false,"template":"","format":"standard","meta":{"footnotes":""},"categories":[84],"tags":[109,107,108,32,33,105,103,104,106,110],"class_list":{"0":"post-203705","1":"post","2":"type-post","3":"status-publish","4":"format-standard","5":"has-post-thumbnail","7":"category-ciencia-e-tecnologia","8":"tag-ciencia","9":"tag-ciencia-e-tecnologia","10":"tag-cienciaetecnologia","11":"tag-portugal","12":"tag-pt","13":"tag-science","14":"tag-science-and-technology","15":"tag-scienceandtechnology","16":"tag-technology","17":"tag-tecnologia"},"share_on_mastodon":{"url":"https:\/\/pubeurope.com\/@pt\/115787527967368741","error":""},"_links":{"self":[{"href":"https:\/\/www.europesays.com\/pt\/wp-json\/wp\/v2\/posts\/203705","targetHints":{"allow":["GET"]}}],"collection":[{"href":"https:\/\/www.europesays.com\/pt\/wp-json\/wp\/v2\/posts"}],"about":[{"href":"https:\/\/www.europesays.com\/pt\/wp-json\/wp\/v2\/types\/post"}],"author":[{"embeddable":true,"href":"https:\/\/www.europesays.com\/pt\/wp-json\/wp\/v2\/users\/2"}],"replies":[{"embeddable":true,"href":"https:\/\/www.europesays.com\/pt\/wp-json\/wp\/v2\/comments?post=203705"}],"version-history":[{"count":0,"href":"https:\/\/www.europesays.com\/pt\/wp-json\/wp\/v2\/posts\/203705\/revisions"}],"wp:featuredmedia":[{"embeddable":true,"href":"https:\/\/www.europesays.com\/pt\/wp-json\/wp\/v2\/media\/203706"}],"wp:attachment":[{"href":"https:\/\/www.europesays.com\/pt\/wp-json\/wp\/v2\/media?parent=203705"}],"wp:term":[{"taxonomy":"category","embeddable":true,"href":"https:\/\/www.europesays.com\/pt\/wp-json\/wp\/v2\/categories?post=203705"},{"taxonomy":"post_tag","embeddable":true,"href":"https:\/\/www.europesays.com\/pt\/wp-json\/wp\/v2\/tags?post=203705"}],"curies":[{"name":"wp","href":"https:\/\/api.w.org\/{rel}","templated":true}]}}