{"id":203710,"date":"2025-12-26T19:34:10","date_gmt":"2025-12-26T19:34:10","guid":{"rendered":"https:\/\/www.europesays.com\/pt\/203710\/"},"modified":"2025-12-26T19:34:10","modified_gmt":"2025-12-26T19:34:10","slug":"galvao-bueno-apresenta-evolucao-depois-de-internacao-e-deve-ter-alta-neste-sabado","status":"publish","type":"post","link":"https:\/\/www.europesays.com\/pt\/203710\/","title":{"rendered":"Galv\u00e3o Bueno apresenta evolu\u00e7\u00e3o depois de interna\u00e7\u00e3o e deve ter alta neste s\u00e1bado"},"content":{"rendered":"<p>            <img decoding=\"async\" class=\"w-full\" src=\"https:\/\/www.europesays.com\/pt\/wp-content\/uploads\/2025\/12\/1766777649_75_sddefault.webp.webp\" \/><\/p>\n<p>O narrador Galv\u00e3o Bueno, de 75 anos, tem apresentado melhora no quadro de sa\u00fade. O jornalista passou mal na \u00faltima quarta-feira, 24, na v\u00e9spera de Natal. Ele foi internado na Santa Casa de Londrina e deve receber alta neste s\u00e1bado.<\/p>\n<p>Galv\u00e3o estava com a fam\u00edlia na cidade paranaense, onde possui resid\u00eancia. O narrador passou por exames no hospital nos \u00faltimos dias. O quadro de sa\u00fade n\u00e3o \u00e9 considerado grave e ele n\u00e3o esteve na UTI. A junta m\u00e9dica que tem cuidado do comunicador decidiu por deix\u00e1-lo em observa\u00e7\u00e3o.<\/p>\n<p><strong>Leia mais: <a href=\"https:\/\/www.infomoney.com.br\/brasil\/apos-passar-mal-na-noite-de-natal-galvao-bueno-e-internado-em-hospital-em-londrina\/\" rel=\"nofollow noopener\" target=\"_blank\">Ap\u00f3s passar mal na noite de Natal, Galv\u00e3o Bueno \u00e9 internado em hospital em Londrina<\/a><\/strong><\/p>\n<p>\t\t\t\t\t\t\t\t\t\tPlanejamento financeiro\t\t\t\t\t\t\t\t\t<\/p>\n<p>\t\t\t\t\t\t\t\t\t\tBaixe gratuitamente!\n\t\t\t\t\t\t\t\t\t\t\t\t\t\t\t<\/p>\n<p>\t\t\t\t\t\t<img decoding=\"async\" class=\"w-full h-full object-cover\" src=\"https:\/\/www.europesays.com\/pt\/wp-content\/uploads\/2025\/12\/1766777650_259_WhatsApp-Image-2025-11-03-at-15.45.16.jpeg\" alt=\"\"\/><\/p>\n<p>Em novembro, Galv\u00e3o Bueno ficou uma semana internado no Hospital S\u00edrio-Liban\u00eas, em S\u00e3o Paulo, para tratar uma pneumonia viral. O narrador tem sido observado desde a interna\u00e7\u00e3o do m\u00eas passado.<\/p>\n<p>Agora, o jornalista est\u00e1 respondendo bem ao tratamento. A previs\u00e3o \u00e9 que ele tenha alta hospitalar neste s\u00e1bado, para seguir com o tratamento em casa, conforme orienta\u00e7\u00e3o dos m\u00e9dicos.<\/p>\n<p>Em nota divulgada para a imprensa, familiares e a equipe de Galv\u00e3o Bueno agradeceram pelo apoio e pelas mensagens de carinho enviadas ao jornalista.<\/p>\n<p class=\"py-2\">Continua depois da publicidade<\/p>\n<p>Recentemente, Galv\u00e3o Bueno fechou acordo com o SBT para narrar a Copa do Mundo de 2026, que ser\u00e1 disputada nos Estados Unidos, no M\u00e9xico e no Canad\u00e1.<\/p>\n<p>No \u00faltimo domingo, Galv\u00e3o narrou, pelo Amazon Prime, a grande decis\u00e3o da Copa do Brasil entre Vasco e Corinthians, no Maracan\u00e3. O clube de Parque S\u00e3o Jorge venceu por 2 a 1 e ficou o t\u00edtulo do torneio mata-mata.<\/p>\n","protected":false},"excerpt":{"rendered":"O narrador Galv\u00e3o Bueno, de 75 anos, tem apresentado melhora no quadro de sa\u00fade. O jornalista passou mal&hellip;\n","protected":false},"author":2,"featured_media":180903,"comment_status":"","ping_status":"","sticky":false,"template":"","format":"standard","meta":{"footnotes":""},"categories":[145],"tags":[211,210,114,115,8430,319,32,33,117],"class_list":{"0":"post-203710","1":"post","2":"type-post","3":"status-publish","4":"format-standard","5":"has-post-thumbnail","7":"category-celebridades","8":"tag-celebridades","9":"tag-celebrities","10":"tag-entertainment","11":"tag-entretenimento","12":"tag-galvao-bueno","13":"tag-hard-news","14":"tag-portugal","15":"tag-pt","16":"tag-saude"},"share_on_mastodon":{"url":"https:\/\/pubeurope.com\/@pt\/115787547858045569","error":""},"_links":{"self":[{"href":"https:\/\/www.europesays.com\/pt\/wp-json\/wp\/v2\/posts\/203710","targetHints":{"allow":["GET"]}}],"collection":[{"href":"https:\/\/www.europesays.com\/pt\/wp-json\/wp\/v2\/posts"}],"about":[{"href":"https:\/\/www.europesays.com\/pt\/wp-json\/wp\/v2\/types\/post"}],"author":[{"embeddable":true,"href":"https:\/\/www.europesays.com\/pt\/wp-json\/wp\/v2\/users\/2"}],"replies":[{"embeddable":true,"href":"https:\/\/www.europesays.com\/pt\/wp-json\/wp\/v2\/comments?post=203710"}],"version-history":[{"count":0,"href":"https:\/\/www.europesays.com\/pt\/wp-json\/wp\/v2\/posts\/203710\/revisions"}],"wp:featuredmedia":[{"embeddable":true,"href":"https:\/\/www.europesays.com\/pt\/wp-json\/wp\/v2\/media\/180903"}],"wp:attachment":[{"href":"https:\/\/www.europesays.com\/pt\/wp-json\/wp\/v2\/media?parent=203710"}],"wp:term":[{"taxonomy":"category","embeddable":true,"href":"https:\/\/www.europesays.com\/pt\/wp-json\/wp\/v2\/categories?post=203710"},{"taxonomy":"post_tag","embeddable":true,"href":"https:\/\/www.europesays.com\/pt\/wp-json\/wp\/v2\/tags?post=203710"}],"curies":[{"name":"wp","href":"https:\/\/api.w.org\/{rel}","templated":true}]}}