{"id":203713,"date":"2025-12-26T19:40:12","date_gmt":"2025-12-26T19:40:12","guid":{"rendered":"https:\/\/www.europesays.com\/pt\/203713\/"},"modified":"2025-12-26T19:40:12","modified_gmt":"2025-12-26T19:40:12","slug":"fc-porto-regressa-aos-treinos-com-mais-um-lesionado","status":"publish","type":"post","link":"https:\/\/www.europesays.com\/pt\/203713\/","title":{"rendered":"FC Porto regressa aos treinos com mais um lesionado"},"content":{"rendered":"<p>Depois de celebrado o Natal, o plantel do FC Porto regressou esta sexta-feira ao Olival para cumprir a primeira sess\u00e3o de treino de prepara\u00e7\u00e3o do jogo de segunda-feira, no Drag\u00e3o, frente ao AVS.<\/p>\n<p>Uma sess\u00e3o que trouxe uma novidade no boletim cl\u00ednico:\u00a0Tom\u00e1s P\u00e9rez tem uma mialgia\u00a0na coxa esquerda e realizou apenas tratamento, juntando-se a Nehu\u00e9n P\u00e9rez (tratamento e trabalho de gin\u00e1sio) e de Luuk de Jong (tratamento) no lote de jogadores lesionados.<\/p>\n<p>De resto, Francesco Farioli contou com\u00a0Jo\u00e3o Teixeira, do FC Porto B, que integrou o treino do plantel principal.<\/p>\n<p>O grupo de trabalho volta a junta-se este s\u00e1bado, novamente de manh\u00e3 e no Olival, para mais uma sess\u00e3o de treinos.<\/p>\n","protected":false},"excerpt":{"rendered":"Depois de celebrado o Natal, o plantel do FC Porto regressou esta sexta-feira ao Olival para cumprir a&hellip;\n","protected":false},"author":2,"featured_media":4120,"comment_status":"","ping_status":"","sticky":false,"template":"","format":"standard","meta":{"footnotes":""},"categories":[87],"tags":[10126,135,2095,282,36,46,32,33,47,134,16186,3592],"class_list":{"0":"post-203713","1":"post","2":"type-post","3":"status-publish","4":"format-standard","5":"has-post-thumbnail","7":"category-desporto","8":"tag-avs","9":"tag-desporto","10":"tag-farioli","11":"tag-fc-porto","12":"tag-liga","13":"tag-maisfutebol","14":"tag-portugal","15":"tag-pt","16":"tag-pura-paixao","17":"tag-sports","18":"tag-tomas-perez","19":"tag-treino"},"share_on_mastodon":{"url":"https:\/\/pubeurope.com\/@pt\/115787571305591765","error":""},"_links":{"self":[{"href":"https:\/\/www.europesays.com\/pt\/wp-json\/wp\/v2\/posts\/203713","targetHints":{"allow":["GET"]}}],"collection":[{"href":"https:\/\/www.europesays.com\/pt\/wp-json\/wp\/v2\/posts"}],"about":[{"href":"https:\/\/www.europesays.com\/pt\/wp-json\/wp\/v2\/types\/post"}],"author":[{"embeddable":true,"href":"https:\/\/www.europesays.com\/pt\/wp-json\/wp\/v2\/users\/2"}],"replies":[{"embeddable":true,"href":"https:\/\/www.europesays.com\/pt\/wp-json\/wp\/v2\/comments?post=203713"}],"version-history":[{"count":0,"href":"https:\/\/www.europesays.com\/pt\/wp-json\/wp\/v2\/posts\/203713\/revisions"}],"wp:featuredmedia":[{"embeddable":true,"href":"https:\/\/www.europesays.com\/pt\/wp-json\/wp\/v2\/media\/4120"}],"wp:attachment":[{"href":"https:\/\/www.europesays.com\/pt\/wp-json\/wp\/v2\/media?parent=203713"}],"wp:term":[{"taxonomy":"category","embeddable":true,"href":"https:\/\/www.europesays.com\/pt\/wp-json\/wp\/v2\/categories?post=203713"},{"taxonomy":"post_tag","embeddable":true,"href":"https:\/\/www.europesays.com\/pt\/wp-json\/wp\/v2\/tags?post=203713"}],"curies":[{"name":"wp","href":"https:\/\/api.w.org\/{rel}","templated":true}]}}