{"id":203714,"date":"2025-12-26T19:41:18","date_gmt":"2025-12-26T19:41:18","guid":{"rendered":"https:\/\/www.europesays.com\/pt\/203714\/"},"modified":"2025-12-26T19:41:18","modified_gmt":"2025-12-26T19:41:18","slug":"garoto-que-venceu-leucemia-e-doador-de-medula-se-encontram","status":"publish","type":"post","link":"https:\/\/www.europesays.com\/pt\/203714\/","title":{"rendered":"Garoto que venceu leucemia e doador de medula se encontram"},"content":{"rendered":"<p>O estudante capixaba\u00a0<strong><a href=\"https:\/\/www.folhavitoria.com.br\/geral\/menino-de-9-anos-consegue-doacao-de-medula-ossea-apos-mobilizacao-em-cidade-do-es\/\" target=\"_blank\" rel=\"noreferrer noopener nofollow\">Gustavo Colombi Bruow, de 12 anos, que superou a leucemia,\u00a0<\/a><\/strong>conheceu pessoalmente o doador de medula \u00f3ssea que ajudou a salvar sua vida no<strong>\u00a0<a href=\"https:\/\/www.folhavitoria.com.br\/tag\/espirito-santo\/\" target=\"_blank\" rel=\"noreferrer noopener nofollow\">Esp\u00edrito Santo.<\/a><\/strong> Os dois se encontraram na quarta-feira (24), v\u00e9spera de Natal, quando o doador <strong>Leonardo Laurindo<\/strong> veio de sua cidade at\u00e9 o Esp\u00edrito Santo passar o Natal com a fam\u00edlia do garoto.<\/p>\n<p>O v\u00eddeo do encontro foi compartilhado pela m\u00e3e de Gustavo, Renata Colombi, na quinta-feira (25). A fam\u00edlia do garoto levou uma placa, onde estava escrito: \u201cSeu gesto de amor salvou minha vida. Dois cora\u00e7\u00f5es e agora uma s\u00f3 medula.\u201d<\/p>\n<p>No post \u00e9 poss\u00edvel ver a emo\u00e7\u00e3o dos familiares, especialmente da m\u00e3e de Gustavo, que abra\u00e7a fortemente Leonardo. No relato, ela agradece ao doador e d\u00e1 as boas-vindas ao Estado.<\/p>\n<p>\u201cObrigado pelo gesto de amor, de doa\u00e7\u00e3o. Voc\u00ea salvou nosso menino\u201d, escreveu.<\/p>\n<p>Encontros anteriores<\/p>\n<p><strong><a href=\"https:\/\/www.folhavitoria.com.br\/saude\/estudante-que-venceu-leucemia-conhece-doador-de-medula-ossea-em-videochamada\/\" target=\"_blank\" rel=\"noreferrer noopener nofollow\">Gustavo e Leonardo j\u00e1 haviam se encontrado virtualmente<\/a><\/strong>, por meio de uma chamada de v\u00eddeo. Na ocasi\u00e3o, o doador explicou como foi o processo para doar a medula \u00f3ssea.<\/p>\n<p>Ele se inscreveu no Registro Nacional de Doadores Volunt\u00e1rios de Medula \u00d3ssea (Redome) em 2019 e recebeu a liga\u00e7\u00e3o de compatibilidade em janeiro de 2024.<\/p>\n<p>Ap\u00f3s exames e etapas preparat\u00f3rias, passou pelo procedimento de doa\u00e7\u00e3o em 26 de mar\u00e7o do mesmo ano, em Curitiba.<\/p>\n<p>Em um depoimento anterior, ele contou que quase ignorou a liga\u00e7\u00e3o por achar que era engano, mas decidiu atender e acabou recebendo a not\u00edcia de que havia um \u201cg\u00eameo de medula\u201d \u00e0 espera.<\/p>\n<blockquote>\n<p>Eu me inscrevi neste processo porque \u00e9 algo t\u00e3o f\u00e1cil de fazer, uma ajuda t\u00e3o dif\u00edcil de encontrar, mas quando encontrada, t\u00e3o bem-vinda. Eu espero ainda poder fazer isso novamente, ajudar outra pessoa, espero que quem receba minha medula melhore e que quando complete 1 ano e meio do processo, eu possa conhec\u00ea-lo(a).<\/p>\n<p>Leonardo Laurindo, doador<\/p><\/blockquote>\n<p>Campanha para capta\u00e7\u00e3o de doadores de medula<\/p>\n<p>Natural do munic\u00edpio de\u00a0<strong><a href=\"https:\/\/www.folhavitoria.com.br\/tag\/sao-gabriel-da-palha\/\" target=\"_blank\" rel=\"noreferrer noopener nofollow\">S\u00e3o Gabriel da Palha<\/a><\/strong>, no Noroeste do Estado, Gustavo recebeu o diagn\u00f3stico da doen\u00e7a em outubro de 2023, quando come\u00e7ou a se queixar de\u00a0<strong>dores nas pernas e nas costas<\/strong>.\u00a0\u00a0<\/p>\n<p>A princ\u00edpio, os m\u00e9dicos acreditavam que precisaria passar somente por sess\u00f5es de quimioterapia, mas a doen\u00e7a evoluiu e foi necess\u00e1rio um transplante de medula \u00f3ssea.\u00a0<\/p>\n<p>No in\u00edcio do ano de 2024, os moradores da cidade realizaram uma<strong>\u00a0<a href=\"https:\/\/www.folhavitoria.com.br\/geral\/cidade-no-es-se-mobiliza-para-conseguir-doador-de-medula-para-menino-de-9-anos\/\" rel=\"nofollow noopener\" target=\"_blank\">campanha para captar doadores de medula \u00f3ssea\u00a0<\/a><\/strong>para o garoto, que teve que viajar para S\u00e3o Paulo, onde realizou o transplante.<\/p>\n<p>Import\u00e2ncia da doa\u00e7\u00e3o de medula<\/p>\n<p>De acordo com o<strong>\u00a0Centro de Hematologia e Hemoterapia do Estado (Hemoes)<\/strong>, a medula \u00f3ssea \u00e9 constitu\u00edda por um tecido l\u00edquido-gelatinoso encontrado no interior dos ossos. Nela s\u00e3o produzidos os componentes do sangue, incluindo as hem\u00e1cias, respons\u00e1veis pelo transporte do oxig\u00eanio na circula\u00e7\u00e3o, os leuc\u00f3citos, agentes mais importantes do sistema de defesa do organismo, e as plaquetas, que atuam na coagula\u00e7\u00e3o.<\/p>\n<p>Al\u00e9m disso, \u00e9 destacado que o transplante de medula \u00f3ssea beneficia pacientes com produ\u00e7\u00e3o anormal de c\u00e9lulas sangu\u00edneas, geralmente causadas por algum tipo de c\u00e2ncer no sangue \u2013 leucemias e linfomas \u2013, al\u00e9m de portadores de aplasia medular e outras doen\u00e7as.<\/p>\n","protected":false},"excerpt":{"rendered":"O estudante capixaba\u00a0Gustavo Colombi Bruow, de 12 anos, que superou a leucemia,\u00a0conheceu pessoalmente o doador de medula \u00f3ssea&hellip;\n","protected":false},"author":2,"featured_media":203715,"comment_status":"","ping_status":"","sticky":false,"template":"","format":"standard","meta":{"footnotes":""},"categories":[86],"tags":[38652,30504,116,2196,7561,32,33,117],"class_list":{"0":"post-203714","1":"post","2":"type-post","3":"status-publish","4":"format-standard","5":"has-post-thumbnail","7":"category-saude","8":"tag-doacoes","9":"tag-doador","10":"tag-health","11":"tag-leucemia","12":"tag-natal","13":"tag-portugal","14":"tag-pt","15":"tag-saude"},"share_on_mastodon":{"url":"https:\/\/pubeurope.com\/@pt\/115787575126980330","error":""},"_links":{"self":[{"href":"https:\/\/www.europesays.com\/pt\/wp-json\/wp\/v2\/posts\/203714","targetHints":{"allow":["GET"]}}],"collection":[{"href":"https:\/\/www.europesays.com\/pt\/wp-json\/wp\/v2\/posts"}],"about":[{"href":"https:\/\/www.europesays.com\/pt\/wp-json\/wp\/v2\/types\/post"}],"author":[{"embeddable":true,"href":"https:\/\/www.europesays.com\/pt\/wp-json\/wp\/v2\/users\/2"}],"replies":[{"embeddable":true,"href":"https:\/\/www.europesays.com\/pt\/wp-json\/wp\/v2\/comments?post=203714"}],"version-history":[{"count":0,"href":"https:\/\/www.europesays.com\/pt\/wp-json\/wp\/v2\/posts\/203714\/revisions"}],"wp:featuredmedia":[{"embeddable":true,"href":"https:\/\/www.europesays.com\/pt\/wp-json\/wp\/v2\/media\/203715"}],"wp:attachment":[{"href":"https:\/\/www.europesays.com\/pt\/wp-json\/wp\/v2\/media?parent=203714"}],"wp:term":[{"taxonomy":"category","embeddable":true,"href":"https:\/\/www.europesays.com\/pt\/wp-json\/wp\/v2\/categories?post=203714"},{"taxonomy":"post_tag","embeddable":true,"href":"https:\/\/www.europesays.com\/pt\/wp-json\/wp\/v2\/tags?post=203714"}],"curies":[{"name":"wp","href":"https:\/\/api.w.org\/{rel}","templated":true}]}}