{"id":203731,"date":"2025-12-26T19:55:08","date_gmt":"2025-12-26T19:55:08","guid":{"rendered":"https:\/\/www.europesays.com\/pt\/203731\/"},"modified":"2025-12-26T19:55:08","modified_gmt":"2025-12-26T19:55:08","slug":"alvo-do-sporting-alex-amorim-tem-ofertas-de-franca-e-italia","status":"publish","type":"post","link":"https:\/\/www.europesays.com\/pt\/203731\/","title":{"rendered":"Alvo do Sporting, Alex Amorim tem ofertas de Fran\u00e7a e It\u00e1lia"},"content":{"rendered":"<p>Dos principais destaques do Alverca na primeira volta da \u00e9poca, Alex Amorim recebeu duas ofertas nos \u00faltimos dias, sendo uma de Fran\u00e7a e outra de It\u00e1lia, segundo apurou o <strong>Maisfutebol<\/strong>.<\/p>\n<p>As duas abordagens do estrangeiro, entretanto, ainda n\u00e3o v\u00e3o ao encontro do valor exigido pelos ribatejanos: aproximadamente seis milh\u00f5es de euros por 80 por cento do passe do jogador.<\/p>\n<p>O m\u00e9dio brasileiro, recorde-se, <a href=\"https:\/\/maisfutebol.iol.pt\/sporting\/transferencias\/sporting-projeta-contratar-tres-medios-para-a-proxima-temporada\" rel=\"nofollow noopener\" target=\"_blank\"><strong>tamb\u00e9m est\u00e1 na mira do Sporting<\/strong><\/a>, que, por sua vez, ainda n\u00e3o fez qualquer movimenta\u00e7\u00e3o para avan\u00e7ar com uma proposta oficial.<\/p>\n<p>Aos 20 anos, Alex Amorim foi formado pelo Fortaleza e antes de chegar a Portugal, em junho passado, teve uma passagem pelo Athletic de Minas Gerais.<\/p>\n","protected":false},"excerpt":{"rendered":"Dos principais destaques do Alverca na primeira volta da \u00e9poca, Alex Amorim recebeu duas ofertas nos \u00faltimos dias,&hellip;\n","protected":false},"author":2,"featured_media":155791,"comment_status":"","ping_status":"","sticky":false,"template":"","format":"standard","meta":{"footnotes":""},"categories":[87],"tags":[33440,5739,726,135,208,82,233,36,46,32,33,47,34,134,35],"class_list":{"0":"post-203731","1":"post","2":"type-post","3":"status-publish","4":"format-standard","5":"has-post-thumbnail","7":"category-desporto","8":"tag-alex-amorim","9":"tag-alverca","10":"tag-brasil","11":"tag-desporto","12":"tag-franca","13":"tag-internacional","14":"tag-italia","15":"tag-liga","16":"tag-maisfutebol","17":"tag-portugal","18":"tag-pt","19":"tag-pura-paixao","20":"tag-sporting","21":"tag-sports","22":"tag-transferencias"},"share_on_mastodon":{"url":"https:\/\/pubeurope.com\/@pt\/115787630293550943","error":""},"_links":{"self":[{"href":"https:\/\/www.europesays.com\/pt\/wp-json\/wp\/v2\/posts\/203731","targetHints":{"allow":["GET"]}}],"collection":[{"href":"https:\/\/www.europesays.com\/pt\/wp-json\/wp\/v2\/posts"}],"about":[{"href":"https:\/\/www.europesays.com\/pt\/wp-json\/wp\/v2\/types\/post"}],"author":[{"embeddable":true,"href":"https:\/\/www.europesays.com\/pt\/wp-json\/wp\/v2\/users\/2"}],"replies":[{"embeddable":true,"href":"https:\/\/www.europesays.com\/pt\/wp-json\/wp\/v2\/comments?post=203731"}],"version-history":[{"count":0,"href":"https:\/\/www.europesays.com\/pt\/wp-json\/wp\/v2\/posts\/203731\/revisions"}],"wp:featuredmedia":[{"embeddable":true,"href":"https:\/\/www.europesays.com\/pt\/wp-json\/wp\/v2\/media\/155791"}],"wp:attachment":[{"href":"https:\/\/www.europesays.com\/pt\/wp-json\/wp\/v2\/media?parent=203731"}],"wp:term":[{"taxonomy":"category","embeddable":true,"href":"https:\/\/www.europesays.com\/pt\/wp-json\/wp\/v2\/categories?post=203731"},{"taxonomy":"post_tag","embeddable":true,"href":"https:\/\/www.europesays.com\/pt\/wp-json\/wp\/v2\/tags?post=203731"}],"curies":[{"name":"wp","href":"https:\/\/api.w.org\/{rel}","templated":true}]}}