{"id":203739,"date":"2025-12-26T20:04:07","date_gmt":"2025-12-26T20:04:07","guid":{"rendered":"https:\/\/www.europesays.com\/pt\/203739\/"},"modified":"2025-12-26T20:04:07","modified_gmt":"2025-12-26T20:04:07","slug":"sadie-sink-comenta-sobre-chegada-ao-mcu-e-necessidade-de-guardar-segredos","status":"publish","type":"post","link":"https:\/\/www.europesays.com\/pt\/203739\/","title":{"rendered":"Sadie Sink comenta sobre chegada ao MCU e necessidade de guardar segredos"},"content":{"rendered":"<p class=\"wp-block-yoast-seo-estimated-reading-time yoast-reading-time__wrapper\">Estimated reading time: 2 minutos<\/p>\n<p>Ap\u00f3s a experi\u00eancia intensa na s\u00e9rie <strong>Stranger Things<\/strong>, <strong>Sadie Sink<\/strong> est\u00e1 chegando ao <strong>Universo Cinematogr\u00e1fico Marvel<\/strong>.<\/p>\n<p>A atriz, confirmada no elenco de <a href=\"https:\/\/ovicio.com.br\/tag\/homem-aranha-um-novo-dia\/\" target=\"_blank\" rel=\"noreferrer noopener nofollow\">Homem-Aranha: Um Novo Dia<\/a>, comentou sobre a oportunidade, descrevendo como &#8220;<strong>um momento surreal<\/strong>&#8220;.<\/p>\n<p>\u201c<strong>Foi uma loucura. Eu descobri quando est\u00e1vamos finalizando a quinta temporada [de Stranger Things]. O Homem-Aranha sempre foi meu favorito. Eu amo o Homem-Aranha. Amo especialmente o Homem-Aranha do Tom (Holland)<\/strong>\u201d, disse ao <strong>The Hollywood Reporter<\/strong>. \u201c<strong>Ser f\u00e3 de algo e depois passar a fazer parte disso \u00e9 uma sensa\u00e7\u00e3o familiar para mim, porque eu j\u00e1 era f\u00e3 de Stranger Things antes de entrar na s\u00e9rie, mas fiquei extremamente animada com o que tinham planejado<\/strong>.\u201d<\/p>\n<p>A atriz tamb\u00e9m destacou a import\u00e2ncia pessoal do projeto por reencontrar um velho conhecido nos bastidores.<\/p>\n<p>\u201c<strong>Eu tamb\u00e9m j\u00e1 tinha trabalhado com o diretor, Destin Daniel Cretton, em um dos primeiros filmes que fiz, quando tinha 14 anos, ent\u00e3o \u00e9 um momento de ciclo completo. Tive uma experi\u00eancia incr\u00edvel trabalhando nesse filme. Mal posso esperar para falar mais sobre isso. Tem tanta coisa que quero compartilhar<\/strong>.\u201d<\/p>\n<p>Por fim, brincou sobre a quantidade de segredos que precisa guardar.<\/p>\n<p>\u201c<strong>\u00c9 por isso que sinto que guardar os segredos de Stranger Things \u00e9 meio f\u00e1cil, porque tenho tantos segredos de Homem-Aranha guardados que parecem ainda mais secretos<\/strong>\u201d, completou.<\/p>\n<p>Supostamente, Sink aparecer\u00e1 como Jean Grey.<\/p>\n<p>Leia mais sobre Homem-Aranha:<\/p>\n<p><strong>Fonte<\/strong>: <a href=\"https:\/\/www.hollywoodreporter.com\/tv\/tv-features\/stranger-things-sadie-sink-season-5-spider-man-interview-1236457549\/#recipient_hashed=ccd6c5147fcc01a4769dc08ea2493d528bfd2ff87030f75a6c75e2b60ccec200&amp;recipient_salt=2fd8c2f3eebae45b82e7a6898221e246654f7e3c\" target=\"_blank\" rel=\"noreferrer noopener nofollow\">THR<\/a><\/p>\n","protected":false},"excerpt":{"rendered":"Estimated reading time: 2 minutos Ap\u00f3s a experi\u00eancia intensa na s\u00e9rie Stranger Things, Sadie Sink est\u00e1 chegando ao&hellip;\n","protected":false},"author":2,"featured_media":203740,"comment_status":"","ping_status":"","sticky":false,"template":"","format":"standard","meta":{"footnotes":""},"categories":[145],"tags":[211,210,114,115,5814,10305,792,12733,32,33],"class_list":{"0":"post-203739","1":"post","2":"type-post","3":"status-publish","4":"format-standard","5":"has-post-thumbnail","7":"category-celebridades","8":"tag-celebridades","9":"tag-celebrities","10":"tag-entertainment","11":"tag-entretenimento","12":"tag-homem-aranha","13":"tag-homem-aranha-um-novo-dia","14":"tag-marvel","15":"tag-marvel-studios","16":"tag-portugal","17":"tag-pt"},"share_on_mastodon":{"url":"https:\/\/pubeurope.com\/@pt\/115787665495499319","error":""},"_links":{"self":[{"href":"https:\/\/www.europesays.com\/pt\/wp-json\/wp\/v2\/posts\/203739","targetHints":{"allow":["GET"]}}],"collection":[{"href":"https:\/\/www.europesays.com\/pt\/wp-json\/wp\/v2\/posts"}],"about":[{"href":"https:\/\/www.europesays.com\/pt\/wp-json\/wp\/v2\/types\/post"}],"author":[{"embeddable":true,"href":"https:\/\/www.europesays.com\/pt\/wp-json\/wp\/v2\/users\/2"}],"replies":[{"embeddable":true,"href":"https:\/\/www.europesays.com\/pt\/wp-json\/wp\/v2\/comments?post=203739"}],"version-history":[{"count":0,"href":"https:\/\/www.europesays.com\/pt\/wp-json\/wp\/v2\/posts\/203739\/revisions"}],"wp:featuredmedia":[{"embeddable":true,"href":"https:\/\/www.europesays.com\/pt\/wp-json\/wp\/v2\/media\/203740"}],"wp:attachment":[{"href":"https:\/\/www.europesays.com\/pt\/wp-json\/wp\/v2\/media?parent=203739"}],"wp:term":[{"taxonomy":"category","embeddable":true,"href":"https:\/\/www.europesays.com\/pt\/wp-json\/wp\/v2\/categories?post=203739"},{"taxonomy":"post_tag","embeddable":true,"href":"https:\/\/www.europesays.com\/pt\/wp-json\/wp\/v2\/tags?post=203739"}],"curies":[{"name":"wp","href":"https:\/\/api.w.org\/{rel}","templated":true}]}}