{"id":203741,"date":"2025-12-26T20:07:11","date_gmt":"2025-12-26T20:07:11","guid":{"rendered":"https:\/\/www.europesays.com\/pt\/203741\/"},"modified":"2025-12-26T20:07:11","modified_gmt":"2025-12-26T20:07:11","slug":"daniela-santos-faz-desabafo-raro-que-envolve-o-pai-do-filho-nao-foi-esse-o-desfecho-secret-story","status":"publish","type":"post","link":"https:\/\/www.europesays.com\/pt\/203741\/","title":{"rendered":"Daniela Santos faz desabafo raro que envolve o pai do filho: \u00abN\u00e3o foi esse o desfecho&#8230;\u00bb &#8211; Secret Story"},"content":{"rendered":"<p><strong>Daniela Santos passou o Natal junto da sua fam\u00edlia<\/strong> e aproveitou para fazer um sentido desabafo sobre esta quadra festiva. Nas redes sociais, a <a href=\"https:\/\/tvi.iol.pt\/secretstory\/daniela-santos\/31-10-2025\/o-vestido-arrojado-desta-famosa-portuguesa-que-esta-a-incendiar-as-redes-sociais\" rel=\"nofollow noopener\" target=\"_blank\">ex-concorrente de v\u00e1rios reality shows da TVI<\/a> partilhou uma foto com o filho, <strong>Santiago<\/strong>, que fez acompanhar por um texto repleto de confiss\u00f5es muito privadas.<\/p>\n<p>\u00abO meu filho n\u00e3o gosta nada de fotos e eu n\u00e3o gosto do Natal. Portanto uma foto com os dentes azuis foi o que se conseguiu para fazer um desabafo sincero. <strong>Em mi\u00fada, colecionei alguns traumas e s\u00f3 prestes a construir a minha fam\u00edlia comecei a po-los de parte e a ver <\/strong>(e viver) <strong>o Natal como uma coisa boa. <\/strong>Porque n\u00e3o se trata da quantidade de pessoas ou comida na mesa, mas do que sentimos c\u00e1 dentro\u00bb, come\u00e7ou por escrever, na legenda daquela publica\u00e7\u00e3o, em que surge abra\u00e7ada ao menino, em frente \u00e0 \u00e1rvore de Natal.\u00a0<\/p>\n<p>E prosseguiu, confessando que foi o nascimento do filho que fez com que <a href=\"https:\/\/tvi.iol.pt\/secretstory\/fotos\/rodeada-de-caras-de-reality-shows-da-tvi-daniela-santos-celebra-novo-marco-na-sua-vida\/69048351d34e2bd5c6d3769b\" rel=\"nofollow noopener\" target=\"_blank\">mudasse a sua perspetiva sobre o Natal<\/a>: \u00ab<strong>O meu filho nasceu e queria muito que ele visse o Natal de forma feliz<\/strong>, e diferente de mim. Continuo a querer. <strong>Mas entretanto separei-me e o Natal passou a ser dividido. Este ano sem ele foi a noite 24 e senti-me triste e vazia.<\/strong>\u00bb<\/p>\n<p>Daniela Santos faz desabafo sobre a separa\u00e7\u00e3o: \u00abSempre sonhei com o meu filho a crescer com os pais juntos\u00bb <\/p>\n<p>No mesmo texto,<a href=\"https:\/\/tvi.iol.pt\/secretstory\/daniela-santos\/16-10-2025\/novo-projeto-daniela-santos-surpreende-ao-lado-de-nome-conhecido-da-musica-portuguesa\" rel=\"nofollow noopener\" target=\"_blank\"> Daniela Santos confidenciou que sempre quis que o filho crescesse com os pais juntos<\/a>, mas que isso n\u00e3o foi poss\u00edvel. \u00ab<strong>Eu sempre sonhei com o meu filho a crescer com os pais juntos e numa fam\u00edlia enorme mas n\u00e3o foi esse o desfecho <\/strong>e s\u00f3 nestes dias sinto isto, os dias em que n\u00e3o o tenho e por isso deixa de fazer sentido o que j\u00e1 n\u00e3o fazia. E n\u00e3o tem mal, porque neste momento sei que somos muitos pais e m\u00e3es a sentir o mesmo e \u00e9 a vida\u00bb, revelou.<\/p>\n<p>Sem papas na l\u00edngua, a<a href=\"https:\/\/tvi.iol.pt\/secretstory\/daniela-santos\/sonho\/daniela-santos-cumpre-grande-sonho-e-confessa-estou-concretizada\" rel=\"nofollow noopener\" target=\"_blank\"> bailarina <\/a>refor\u00e7ou que n\u00e3o quer fingir que o Natal \u00e9 uma \u00e9poca feliz, pois para ela n\u00e3o \u00e9. \u00abMuitos n\u00e3o viveram e n\u00e3o vivem esta \u00e9poca como gostavam ou imaginavam. <strong>Muitos t\u00eam as mesas vazias, as cadeiras com gente do c\u00e9u, a carteira sem dinheiro para dar um presente ou uma \u00e1rvore de natal aos filhos.<\/strong> Ent\u00e3o \u00e9 isso, n\u00e3o est\u00e1s sozinho porque somos muitos, e cansa-me, parece-me quase como no parto e na maternidade que estamos proibidos de n\u00e3o romantizar tudo e somos praticamente obrigados a \u201cparecer\u201d felizes\u00bb, adiantou.<\/p>\n<p>E completou: \u00ab<strong>Um grande beijinho para todos, que todos tenham sa\u00fade e comida na mesa, isso sim importa.<\/strong>\u00bb<\/p>\n<p><strong>Pode ver a partilha de Daniela Santos aqui:<\/strong><\/p>\n<blockquote class=\"instagram-media\" data-instgrm-captioned=\"\" data-instgrm-permalink=\"https:\/\/www.instagram.com\/p\/DSs2Pa8DRjT\/?utm_source=ig_embed&amp;utm_campaign=loading\" data-instgrm-version=\"14\" style=\" background:#FFF; border:0; border-radius:3px; box-shadow:0 0 1px 0 rgba(0,0,0,0.5),0 1px 10px 0 rgba(0,0,0,0.15); margin: 1px; max-width:540px; min-width:326px; padding:0; width:99.375%; width:-webkit-calc(100% - 2px); width:calc(100% - 2px);\">\n<\/blockquote>\n<p>                        <script async src=\"\/\/www.instagram.com\/embed.js\"><\/script><\/p>\n","protected":false},"excerpt":{"rendered":"Daniela Santos passou o Natal junto da sua fam\u00edlia e aproveitou para fazer um sentido desabafo sobre esta&hellip;\n","protected":false},"author":2,"featured_media":203742,"comment_status":"","ping_status":"","sticky":false,"template":"","format":"standard","meta":{"footnotes":""},"categories":[142],"tags":[18706,1397,3864,114,115,18705,3435,7561,32,33,151,18704],"class_list":{"0":"post-203741","1":"post","2":"type-post","3":"status-publish","4":"format-standard","5":"has-post-thumbnail","7":"category-tv","8":"tag-bastidores-secret-story","9":"tag-daniela-santos","10":"tag-desabafo","11":"tag-entertainment","12":"tag-entretenimento","13":"tag-entrevistas-concorrentes-tvi","14":"tag-filho","15":"tag-natal","16":"tag-portugal","17":"tag-pt","18":"tag-tv","19":"tag-vida-fora-da-casa"},"share_on_mastodon":{"url":"https:\/\/pubeurope.com\/@pt\/115787677820544226","error":""},"_links":{"self":[{"href":"https:\/\/www.europesays.com\/pt\/wp-json\/wp\/v2\/posts\/203741","targetHints":{"allow":["GET"]}}],"collection":[{"href":"https:\/\/www.europesays.com\/pt\/wp-json\/wp\/v2\/posts"}],"about":[{"href":"https:\/\/www.europesays.com\/pt\/wp-json\/wp\/v2\/types\/post"}],"author":[{"embeddable":true,"href":"https:\/\/www.europesays.com\/pt\/wp-json\/wp\/v2\/users\/2"}],"replies":[{"embeddable":true,"href":"https:\/\/www.europesays.com\/pt\/wp-json\/wp\/v2\/comments?post=203741"}],"version-history":[{"count":0,"href":"https:\/\/www.europesays.com\/pt\/wp-json\/wp\/v2\/posts\/203741\/revisions"}],"wp:featuredmedia":[{"embeddable":true,"href":"https:\/\/www.europesays.com\/pt\/wp-json\/wp\/v2\/media\/203742"}],"wp:attachment":[{"href":"https:\/\/www.europesays.com\/pt\/wp-json\/wp\/v2\/media?parent=203741"}],"wp:term":[{"taxonomy":"category","embeddable":true,"href":"https:\/\/www.europesays.com\/pt\/wp-json\/wp\/v2\/categories?post=203741"},{"taxonomy":"post_tag","embeddable":true,"href":"https:\/\/www.europesays.com\/pt\/wp-json\/wp\/v2\/tags?post=203741"}],"curies":[{"name":"wp","href":"https:\/\/api.w.org\/{rel}","templated":true}]}}