{"id":203745,"date":"2025-12-26T20:09:15","date_gmt":"2025-12-26T20:09:15","guid":{"rendered":"https:\/\/www.europesays.com\/pt\/203745\/"},"modified":"2025-12-26T20:09:15","modified_gmt":"2025-12-26T20:09:15","slug":"streaming-confira-estreias-da-semana-para-ver-em-casa-26-12-2025-ilustrada","status":"publish","type":"post","link":"https:\/\/www.europesays.com\/pt\/203745\/","title":{"rendered":"Streaming: confira estreias da semana para ver em casa &#8211; 26\/12\/2025 &#8211; Ilustrada"},"content":{"rendered":"<p>&#13;<br \/>\nEsta \u00e9 a edi\u00e7\u00e3o da Maratonar, a newsletter da <strong>Folha <\/strong>que ajuda voc\u00ea a se achar no meio de tantas op\u00e7\u00f5es de <a href=\"https:\/\/www1.folha.uol.com.br\/folha-topicos\/series\/\" rel=\"nofollow noopener\" target=\"_blank\">s\u00e9ries<\/a> e filmes no <a href=\"https:\/\/www1.folha.uol.com.br\/folha-topicos\/streaming\/\" rel=\"nofollow noopener\" target=\"_blank\">streaming<\/a>. Quer receb\u00ea-la todas as sextas no seu email? Inscreva-se abaixo:<\/p>\n<p>    Maratonar<\/p>\n<p class=\"c-newsletter__subtitle\">Um guia com dicas de filmes e s\u00e9ries para assistir no streaming<\/p>\n<p>Devido ao recesso de Natal, trago hoje apenas algumas sugest\u00f5es de estreias desta semana. Feliz ano novo e at\u00e9 semana que vem!<\/p>\n<p>O que est\u00e1 chegando<\/p>\n<p>As novidades nas principais plataformas de streaming<\/p>\n<p><b>Nosso Natal em Fam\u00edlia (2024)<\/b><\/p>\n<p>Christmas Eve in Miller\u2019s Point. Estreia no Filmelier+ em 25.dez, 107 min.<\/p>\n<p>O filme se passa naquela que provavelmente \u00e9 a \u00faltima vez que os Balsanos se re\u00fanem na casa da fam\u00edlia: a sa\u00fade da matriarca est\u00e1 declinando, e foi decidido coloc\u00e1-la em uma cl\u00ednica e vender o im\u00f3vel, uma surpresa para v\u00e1rios dos convidados. Enquanto isso, as crian\u00e7as brincam e os adolescentes resolvem escapar para uma aventura nas ruas do sub\u00farbio de Long Island. Com Francesca Scorsese, Maria Dizzia, Michael Cera e outros rostos vagamente familiares.<\/p>\n<p><b>Stranger Things (2016-25)<\/b><\/p>\n<p>Estreia na Netflix em 31.dez, quinta temporada, um epis\u00f3dio.<\/p>\n<p>O grande final da s\u00e9rie chega \u00e0s 22h \u2014e bota grande nisso, o epis\u00f3dio ter\u00e1 2h05min de dura\u00e7\u00e3o. Os tr\u00eas epis\u00f3dios anteriores j\u00e1 est\u00e3o no ar, desde as 22h desta quinta (25).<\/p>\n<p><b>Luz Fantasma (2024)<\/b><\/p>\n<p>Ghostlight. Dispon\u00edvel em plataformas de aluguel a partir de 25.dez, 115 min. <\/p>\n<p>Dan (Keith Kupferer), um oper\u00e1rio calad\u00e3o, entra, inesperadamente, para uma trupe de teatro ao lado da filha, Daisy (Kathleen Mallen Kupferer).<\/p>\n<p>Escrito e dirigido por Alex Thompson e Kelly O\u2019Sullivan, a dupla por tr\u00e1s do meu querido &#8220;A Pequena Frances&#8221; (2019, Looke e Runtime), foi um dos meus filmes favoritos do ano passado, exibido na Mostra de Cinema de S\u00e3o Paulo. Volto daqui a algumas semanas com mais motivos para v\u00ea-lo.<\/p>\n<p><b>M3GAN 2.0 (2025)<\/b><\/p>\n<p>Chega ao Prime Video em 26.dez, 120 min. <\/p>\n<p>Dois anos depois dos acontecimentos de &#8220;M3GAN&#8221; (2022), Gemma (Allison Williams) religa a boneca-rob\u00f4 assassina para que ela enfrente Amelia, outra boneca criada a partir da tecnologia de M3GAN roubada pelos militares.<\/p>\n<p><b>Crep\u00fasculo do Caos (1987)<\/b><\/p>\n<p>The Last of England. Chega \u00e0 Filmicca em 26.dez, 87 min.<\/p>\n<p>Uma das muitas colabora\u00e7\u00f5es entre Tilda Swinton e o multiartista Derek Jarman, &#8220;Crep\u00fasculo do Caos&#8221; \u00e9 um poema visual sobre a decad\u00eancia do Reino Unido sob o governo de Margaret Thatcher.<\/p>\n<p><b>Um Ver\u00e3o Infernal (2023)<\/b><\/p>\n<p>Hell of a Summer. Chega \u00e0 HBO Max em 26.dez, 88 min. <\/p>\n<p>Coescrito e codirigido por Finn Wolfhard (de &#8220;Stranger Things&#8221;), ao lado de Billy Bryk (&#8220;Ghostbusters: Mais Al\u00e9m&#8221;), traz Fred Hechinger (&#8220;The White Lotus&#8221;) como Jason, um conselheiro do acampamento Pineway um pouco velho demais para o trabalho, se comparado aos colegas de fun\u00e7\u00e3o. Quando a equipe se re\u00fane na col\u00f4nia de f\u00e9rias antes da chegada das crian\u00e7as, descobre que um assassino mascarado matou os donos do local \u2014e quer matar mais.<\/p>\n<p><b>A Meia-Irm\u00e3 Feia (2025)<\/b><\/p>\n<p>Den stygge stes\u00f8steren. Estreia na Mubi em 26.dez, 109 min. <\/p>\n<p>&#8220;Cinderella&#8221; encontra &#8220;A Subst\u00e2ncia&#8221; neste filme noruegu\u00eas <a href=\"https:\/\/www1.folha.uol.com.br\/ilustrada\/2025\/12\/o-agente-secreto-e-outros-brasileiros-sao-pre-indicados-ao-oscar-2026-veja-lista.shtml\" rel=\"nofollow noopener\" target=\"_blank\">pr\u00e9-selecionado ao Oscar<\/a> de melhor maquiagem. Para competir com a bela meio-irm\u00e3 Agnes (Thea Sofie Loch Ness) pela aten\u00e7\u00e3o do pr\u00edncipe Julian (Isac Calmroth), Elvira (Lea Myren) passa por uma s\u00e9rie de procedimentos est\u00e9ticos e tratamentos grotescos.<\/p>\n<p><b>Seymour Hersh: Em Busca da Verdade (2025)<\/b><\/p>\n<p>Cover-Up. Estreia na Netflix em 26.dez, 117 min.<\/p>\n<p>Tamb\u00e9m pr\u00e9-selecionado ao Oscar, este document\u00e1rio de Laura Poitras (&#8220;Cidad\u00e3oquatro&#8221;) e Mark Obenhaus revisita a carreira do jornalista Seymour Hersh, que relutantemente d\u00e1 acesso a seus acervos e discute sua participa\u00e7\u00e3o na cobertura de esc\u00e2ndalos da pol\u00edtica americana, como crimes de guerra no Vietn\u00e3 e no Camboja, tortura de prisioneiros em Abu Ghraib e o Watergate.<\/p>\n","protected":false},"excerpt":{"rendered":"&#13; Esta \u00e9 a edi\u00e7\u00e3o da Maratonar, a newsletter da Folha que ajuda voc\u00ea a se achar no&hellip;\n","protected":false},"author":2,"featured_media":203746,"comment_status":"","ping_status":"","sticky":false,"template":"","format":"standard","meta":{"footnotes":""},"categories":[140],"tags":[114,115,147,148,236,146,4898,32,33],"class_list":{"0":"post-203745","1":"post","2":"type-post","3":"status-publish","4":"format-standard","5":"has-post-thumbnail","7":"category-filmes","8":"tag-entertainment","9":"tag-entretenimento","10":"tag-film","11":"tag-filmes","12":"tag-folha","13":"tag-movies","14":"tag-newsletters-da-folha","15":"tag-portugal","16":"tag-pt"},"share_on_mastodon":{"url":"https:\/\/pubeurope.com\/@pt\/115787685830513023","error":""},"_links":{"self":[{"href":"https:\/\/www.europesays.com\/pt\/wp-json\/wp\/v2\/posts\/203745","targetHints":{"allow":["GET"]}}],"collection":[{"href":"https:\/\/www.europesays.com\/pt\/wp-json\/wp\/v2\/posts"}],"about":[{"href":"https:\/\/www.europesays.com\/pt\/wp-json\/wp\/v2\/types\/post"}],"author":[{"embeddable":true,"href":"https:\/\/www.europesays.com\/pt\/wp-json\/wp\/v2\/users\/2"}],"replies":[{"embeddable":true,"href":"https:\/\/www.europesays.com\/pt\/wp-json\/wp\/v2\/comments?post=203745"}],"version-history":[{"count":0,"href":"https:\/\/www.europesays.com\/pt\/wp-json\/wp\/v2\/posts\/203745\/revisions"}],"wp:featuredmedia":[{"embeddable":true,"href":"https:\/\/www.europesays.com\/pt\/wp-json\/wp\/v2\/media\/203746"}],"wp:attachment":[{"href":"https:\/\/www.europesays.com\/pt\/wp-json\/wp\/v2\/media?parent=203745"}],"wp:term":[{"taxonomy":"category","embeddable":true,"href":"https:\/\/www.europesays.com\/pt\/wp-json\/wp\/v2\/categories?post=203745"},{"taxonomy":"post_tag","embeddable":true,"href":"https:\/\/www.europesays.com\/pt\/wp-json\/wp\/v2\/tags?post=203745"}],"curies":[{"name":"wp","href":"https:\/\/api.w.org\/{rel}","templated":true}]}}