{"id":203760,"date":"2025-12-26T20:21:09","date_gmt":"2025-12-26T20:21:09","guid":{"rendered":"https:\/\/www.europesays.com\/pt\/203760\/"},"modified":"2025-12-26T20:21:09","modified_gmt":"2025-12-26T20:21:09","slug":"ines-morais-revela-episodio-privado-com-joao-ricardo-e-levanta-rumores-de-romance-secret-story","status":"publish","type":"post","link":"https:\/\/www.europesays.com\/pt\/203760\/","title":{"rendered":"In\u00eas Morais revela epis\u00f3dio privado com Jo\u00e3o Ricardo e levanta rumores de romance &#8211; Secret Story"},"content":{"rendered":"<p style=\"margin-bottom:11px\"><strong>In\u00eas Morais recorreu a uma express\u00e3o habitualmente usada por Jo\u00e3o Ricardo e<\/strong> acabou por levantar suspeitas sobre uma nova companhia do amigo.<a href=\"https:\/\/tvi.iol.pt\/secretstory\/videos\/deus-dos-realities-ines-morais-usa-expressao-de-joao-ricardo-e-levanta-suspeitas-sobre-nova-companhia-amorosa\/694ed0d50cf2c7eb244490de\" rel=\"nofollow noopener\" target=\"_blank\"> A situa\u00e7\u00e3o foi contada durante uma entrevista no programa Dois \u00e0s 10<\/a>, na manh\u00e3 desta sexta-feira, 26 de dezembro.<\/p>\n<p>A <a href=\"https:\/\/tvi.iol.pt\/secretstory\/search?pagina=1&amp;pesquisa=ines+morais\" rel=\"nofollow noopener\" target=\"_blank\">vencedora do Big Brother 2024 e do Secret Story \u2013 Desafio Final <\/a>comentava a vit\u00f3ria de Liliana na prova que lhe garantiu o passaporte para a final,<strong> quando utilizou uma express\u00e3o associada a Jo\u00e3o Ricardo.<\/strong><\/p>\n<p>\u00abEste jogo foi muito intenso. Acho que aqui o passaporte foi um bocadinho o <strong>\u201cDeus dos realities\u201d.<\/strong> O Jo\u00e3o Ricardo \u00e9 que costuma dizer isto. Ele viu uma gala comigo, l\u00e1 em minha casa, e teve muita gra\u00e7a ouvi-lo dizer isto\u00bb, explicou.<\/p>\n<p>Foi no seguimento deste coment\u00e1rio que In\u00eas Morais revelou que Jo\u00e3o Ricardo c<strong>ostuma assistir, pontualmente, \u00e0s galas em sua casa.<\/strong> No entanto, na noite do passado domingo,<a href=\"https:\/\/tvi.iol.pt\/secretstory\/videos\/deus-dos-realities-ines-morais-usa-expressao-de-joao-ricardo-e-levanta-suspeitas-sobre-nova-companhia-amorosa\/694ed0d50cf2c7eb244490de\" rel=\"nofollow noopener\" target=\"_blank\"> o amigo surgiu acompanhado, o que acabou por gerar curiosidade.<\/a><\/p>\n<p>\u00abEle estava com uma amiga minha e ligaram-me a dizer: \u201cAh, tens jantar?\u201d e eu respondi: \u201cTenho. Venham!\u201d\u00bb, contou.<\/p>\n<p><strong>Perante a curiosidade de Cl\u00e1udio Ramos<\/strong>,<a href=\"https:\/\/tvi.iol.pt\/secretstory\/search?pagina=1&amp;pesquisa=ines+morais\" rel=\"nofollow noopener\" target=\"_blank\"> In\u00eas Morais apressou-se a esclarece<\/a>r que a companhia de Jo\u00e3o Ricardo n\u00e3o era uma figura p\u00fablica e garantiu que <strong>n\u00e3o existe qualquer envolvimento amoroso entre ambos<\/strong>: \u00abMas n\u00e3o, Cl\u00e1udio. N\u00e3o inventes. Ai meu Deus, por favor \u00bb.<\/p>\n<p><a href=\"https:\/\/tvi.iol.pt\/secretstory\/search?pagina=1&amp;pesquisa=ines+morais\" rel=\"nofollow noopener\" target=\"_blank\">A comentadora<\/a> <strong>acabou por esclarecer que o que a une a Jo\u00e3o Ricardo \u00e9 apenas uma amizade:<\/strong> \u00abSomos muito amigos, estamos muitas vezes juntos. \u00c9 s\u00f3 isso, juro por tudo. Ai que eles matam-me os dois. \u00c9 que agora at\u00e9 parece que eu estou aqui a encobrir alguma coisa, n\u00e3o. Estivemos a ver a gala e o Jo\u00e3o Ricardo estava a dizer isto que eu achei muita gra\u00e7a, que \u00e9 o Deus dos\u00a0realities.\u00bb, concluiu.<\/p>\n<p><strong>Veja o momento aqui:\u00a0<\/strong><\/p>\n<p>\u00a0<\/p>\n","protected":false},"excerpt":{"rendered":"In\u00eas Morais recorreu a uma express\u00e3o habitualmente usada por Jo\u00e3o Ricardo e acabou por levantar suspeitas sobre uma&hellip;\n","protected":false},"author":2,"featured_media":203761,"comment_status":"","ping_status":"","sticky":false,"template":"","format":"standard","meta":{"footnotes":""},"categories":[142],"tags":[18706,114,115,18705,6520,1829,32,33,151,18704],"class_list":{"0":"post-203760","1":"post","2":"type-post","3":"status-publish","4":"format-standard","5":"has-post-thumbnail","7":"category-tv","8":"tag-bastidores-secret-story","9":"tag-entertainment","10":"tag-entretenimento","11":"tag-entrevistas-concorrentes-tvi","12":"tag-ines-morais","13":"tag-joao-ricardo","14":"tag-portugal","15":"tag-pt","16":"tag-tv","17":"tag-vida-fora-da-casa"},"share_on_mastodon":{"url":"https:\/\/pubeurope.com\/@pt\/115787732505066381","error":""},"_links":{"self":[{"href":"https:\/\/www.europesays.com\/pt\/wp-json\/wp\/v2\/posts\/203760","targetHints":{"allow":["GET"]}}],"collection":[{"href":"https:\/\/www.europesays.com\/pt\/wp-json\/wp\/v2\/posts"}],"about":[{"href":"https:\/\/www.europesays.com\/pt\/wp-json\/wp\/v2\/types\/post"}],"author":[{"embeddable":true,"href":"https:\/\/www.europesays.com\/pt\/wp-json\/wp\/v2\/users\/2"}],"replies":[{"embeddable":true,"href":"https:\/\/www.europesays.com\/pt\/wp-json\/wp\/v2\/comments?post=203760"}],"version-history":[{"count":0,"href":"https:\/\/www.europesays.com\/pt\/wp-json\/wp\/v2\/posts\/203760\/revisions"}],"wp:featuredmedia":[{"embeddable":true,"href":"https:\/\/www.europesays.com\/pt\/wp-json\/wp\/v2\/media\/203761"}],"wp:attachment":[{"href":"https:\/\/www.europesays.com\/pt\/wp-json\/wp\/v2\/media?parent=203760"}],"wp:term":[{"taxonomy":"category","embeddable":true,"href":"https:\/\/www.europesays.com\/pt\/wp-json\/wp\/v2\/categories?post=203760"},{"taxonomy":"post_tag","embeddable":true,"href":"https:\/\/www.europesays.com\/pt\/wp-json\/wp\/v2\/tags?post=203760"}],"curies":[{"name":"wp","href":"https:\/\/api.w.org\/{rel}","templated":true}]}}