{"id":203762,"date":"2025-12-26T20:22:13","date_gmt":"2025-12-26T20:22:13","guid":{"rendered":"https:\/\/www.europesays.com\/pt\/203762\/"},"modified":"2025-12-26T20:22:13","modified_gmt":"2025-12-26T20:22:13","slug":"radio-condestavel-serta-urgencias-estao-encerradas-no-dia-de-hoje","status":"publish","type":"post","link":"https:\/\/www.europesays.com\/pt\/203762\/","title":{"rendered":"R\u00e1dio Condest\u00e1vel | SERT\u00c3: Urg\u00eancias est\u00e3o encerradas no dia de hoje"},"content":{"rendered":"<p>                                                                                &#13;<br \/>\n                                                &#13;<br \/>\n                                                    <img decoding=\"async\" src=\"https:\/\/www.europesays.com\/pt\/wp-content\/uploads\/2025\/12\/sapencerrado.jpeg\" alt=\"SERT\u00c3: Urg\u00eancias est\u00e3o encerradas no dia de hoje\" class=\"img-responsive\" stule=\"margin: 0 auto\"\/>&#13;<\/p>\n<p>                                    <img decoding=\"async\" src=\"https:\/\/www.europesays.com\/pt\/wp-content\/uploads\/2025\/12\/1766780533_719_sapencerrado.jpeg\" style=\"display:none\"\/><\/p>\n<p>O Servi\u00e7o de Atendimento Permanente (SAP) da Sert\u00e3 encontra-se de portas encerradas, esta sexta-feira, dia 26 de dezembro.<br \/>Sem aviso pr\u00e9vio e num recado na porta de entrada do servi\u00e7o pode ler-se que o encerramento \u00e9 entre as 08:00 e as 20:00 de hoje. <br \/>O mesmo recado remete os utentes para unidades mais pr\u00f3ximas, ou seja, os Servi\u00e7os de Atendimento Complementares (SAC) de Proen\u00e7a-a-Nova e de Oleiros. <br \/>O recado afixado \u00e9 da Dire\u00e7\u00e3o Cl\u00ednica da Unidade Local de Sa\u00fade de Castelo Branco (ULSCB) que n\u00e3o explica os motivos deste encerramento. <br \/>A R\u00e1dio Condest\u00e1vel j\u00e1 solicitou explica\u00e7\u00f5es \u00e0 ULSCB, estando a aguardar uma resposta.<br \/>Recorde-se que j\u00e1 no ver\u00e3o, em agosto, este servi\u00e7o esteve encerrado e a resposta da ULSCB foi lac\u00f3nica, como se pode ler <a href=\"https:\/\/radiocondestavel.pt\/noticias\/sertaurgencias-presidente-da-ulscb-nao-esclarece\/\" target=\"_blank\" rel=\"nofollow noopener\">AQUI<\/a> .<br \/>Importa referir que os servi\u00e7os de enfermagem continuam a funcionar normalmente.\u00a0<\/p>\n<p>NOTA: Desta feita a R\u00e1dio Condest\u00e1vel tamb\u00e9m pediu explica\u00e7\u00f5es ao Minist\u00e9rio da Sa\u00fade e \u00e0 sua Dire\u00e7\u00e3o Executiva.<\/p>\n","protected":false},"excerpt":{"rendered":"&#13; &#13; &#13; O Servi\u00e7o de Atendimento Permanente (SAP) da Sert\u00e3 encontra-se de portas encerradas, esta sexta-feira, dia&hellip;\n","protected":false},"author":2,"featured_media":203763,"comment_status":"","ping_status":"","sticky":false,"template":"","format":"standard","meta":{"footnotes":""},"categories":[141],"tags":[40416,114,115,40422,2647,149,150,40417,32,40421,33,40419,6955,117,1985,40420,40418,40415],"class_list":{"0":"post-203762","1":"post","2":"type-post","3":"status-publish","4":"format-standard","5":"has-post-thumbnail","7":"category-musica","8":"tag-cuidadosdesaude","9":"tag-entertainment","10":"tag-entretenimento","11":"tag-faltademedicos","12":"tag-medicos","13":"tag-music","14":"tag-musica","15":"tag-oleiros","16":"tag-portugal","17":"tag-proencaanova","18":"tag-pt","19":"tag-sac","20":"tag-sap","21":"tag-saude","22":"tag-serta","23":"tag-servicodeatendimentocomplementar","24":"tag-servicodeatendimentopermanente","25":"tag-urgenciasencerradas"},"share_on_mastodon":{"url":"https:\/\/pubeurope.com\/@pt\/115787736646472378","error":""},"_links":{"self":[{"href":"https:\/\/www.europesays.com\/pt\/wp-json\/wp\/v2\/posts\/203762","targetHints":{"allow":["GET"]}}],"collection":[{"href":"https:\/\/www.europesays.com\/pt\/wp-json\/wp\/v2\/posts"}],"about":[{"href":"https:\/\/www.europesays.com\/pt\/wp-json\/wp\/v2\/types\/post"}],"author":[{"embeddable":true,"href":"https:\/\/www.europesays.com\/pt\/wp-json\/wp\/v2\/users\/2"}],"replies":[{"embeddable":true,"href":"https:\/\/www.europesays.com\/pt\/wp-json\/wp\/v2\/comments?post=203762"}],"version-history":[{"count":0,"href":"https:\/\/www.europesays.com\/pt\/wp-json\/wp\/v2\/posts\/203762\/revisions"}],"wp:featuredmedia":[{"embeddable":true,"href":"https:\/\/www.europesays.com\/pt\/wp-json\/wp\/v2\/media\/203763"}],"wp:attachment":[{"href":"https:\/\/www.europesays.com\/pt\/wp-json\/wp\/v2\/media?parent=203762"}],"wp:term":[{"taxonomy":"category","embeddable":true,"href":"https:\/\/www.europesays.com\/pt\/wp-json\/wp\/v2\/categories?post=203762"},{"taxonomy":"post_tag","embeddable":true,"href":"https:\/\/www.europesays.com\/pt\/wp-json\/wp\/v2\/tags?post=203762"}],"curies":[{"name":"wp","href":"https:\/\/api.w.org\/{rel}","templated":true}]}}