{"id":203766,"date":"2025-12-26T20:25:19","date_gmt":"2025-12-26T20:25:19","guid":{"rendered":"https:\/\/www.europesays.com\/pt\/203766\/"},"modified":"2025-12-26T20:25:19","modified_gmt":"2025-12-26T20:25:19","slug":"estudo-aponta-efeitos-perigosos-da-dieta-cetogenica-no-figado","status":"publish","type":"post","link":"https:\/\/www.europesays.com\/pt\/203766\/","title":{"rendered":"Estudo aponta efeitos perigosos da dieta cetog\u00eanica no f\u00edgado"},"content":{"rendered":"<p>Ao longo do estudo, esses animais mantiveram pesos corporais bem mais baixos, o que inicialmente sugeria um resultado positivo.<\/p>\n<p>Mas o quadro mudou rapidamente: mesmo com menos ganho de peso, os camundongos desenvolveram complica\u00e7\u00f5es metab\u00f3licas s\u00e9rias, e algumas delas apareceram poucos dias depois do in\u00edcio da dieta.<\/p>\n<p>Gordura no f\u00edgado<\/p>\n<p>Em entrevista ao SciTechDaily, Amandine Chaix, uma das autoras do estudo, afirmou que a dieta cetog\u00eanica n\u00e3o foi capaz de prevenir a esteatose hep\u00e1tica, tamb\u00e9m conhecida como gordura no f\u00edgado.<\/p>\n","protected":false},"excerpt":{"rendered":"Ao longo do estudo, esses animais mantiveram pesos corporais bem mais baixos, o que inicialmente sugeria um resultado&hellip;\n","protected":false},"author":2,"featured_media":203767,"comment_status":"","ping_status":"","sticky":false,"template":"","format":"standard","meta":{"footnotes":""},"categories":[86],"tags":[547,116,32,33,117],"class_list":{"0":"post-203766","1":"post","2":"type-post","3":"status-publish","4":"format-standard","5":"has-post-thumbnail","7":"category-saude","8":"tag-alimentacao-saudavel","9":"tag-health","10":"tag-portugal","11":"tag-pt","12":"tag-saude"},"share_on_mastodon":{"url":"https:\/\/pubeurope.com\/@pt\/115787748052301991","error":""},"_links":{"self":[{"href":"https:\/\/www.europesays.com\/pt\/wp-json\/wp\/v2\/posts\/203766","targetHints":{"allow":["GET"]}}],"collection":[{"href":"https:\/\/www.europesays.com\/pt\/wp-json\/wp\/v2\/posts"}],"about":[{"href":"https:\/\/www.europesays.com\/pt\/wp-json\/wp\/v2\/types\/post"}],"author":[{"embeddable":true,"href":"https:\/\/www.europesays.com\/pt\/wp-json\/wp\/v2\/users\/2"}],"replies":[{"embeddable":true,"href":"https:\/\/www.europesays.com\/pt\/wp-json\/wp\/v2\/comments?post=203766"}],"version-history":[{"count":0,"href":"https:\/\/www.europesays.com\/pt\/wp-json\/wp\/v2\/posts\/203766\/revisions"}],"wp:featuredmedia":[{"embeddable":true,"href":"https:\/\/www.europesays.com\/pt\/wp-json\/wp\/v2\/media\/203767"}],"wp:attachment":[{"href":"https:\/\/www.europesays.com\/pt\/wp-json\/wp\/v2\/media?parent=203766"}],"wp:term":[{"taxonomy":"category","embeddable":true,"href":"https:\/\/www.europesays.com\/pt\/wp-json\/wp\/v2\/categories?post=203766"},{"taxonomy":"post_tag","embeddable":true,"href":"https:\/\/www.europesays.com\/pt\/wp-json\/wp\/v2\/tags?post=203766"}],"curies":[{"name":"wp","href":"https:\/\/api.w.org\/{rel}","templated":true}]}}