{"id":203813,"date":"2025-12-26T21:12:10","date_gmt":"2025-12-26T21:12:10","guid":{"rendered":"https:\/\/www.europesays.com\/pt\/203813\/"},"modified":"2025-12-26T21:12:10","modified_gmt":"2025-12-26T21:12:10","slug":"guia-da-farmacia-eua-covid-e-vsr-seguem-baixos-em-2025-cresce-alerta-para-gripe-k","status":"publish","type":"post","link":"https:\/\/www.europesays.com\/pt\/203813\/","title":{"rendered":"Guia da Farm\u00e1cia | EUA: covid e VSR seguem baixos em 2025; cresce alerta para gripe K"},"content":{"rendered":"<p>                        <img width=\"1024\" height=\"536\" src=\"https:\/\/www.europesays.com\/pt\/wp-content\/uploads\/2025\/12\/gripe-resfriado-1024x536.jpg\" class=\"img-post wp-post-image\" alt=\"Gripe-alergia-ou-resfriado-Cuidado-com-as-doen\u00e7as-de-inverno\" decoding=\"async\" fetchpriority=\"high\"  \/><\/p>\n<p>Nos Estados Unidos, a atividade do v\u00edrus sincicial respirat\u00f3rio (VSR) e da COVID-19 permanece relativamente baixa, devido \u00e0 imunidade da popula\u00e7\u00e3o, \u00e0s novas vacinas contra o VSR e \u00e0 aus\u00eancia de novas variantes virulentas da COVID-19, de acordo com especialistas em sa\u00fade da <a href=\"https:\/\/publichealth.jhu.edu\/departments\/international-health\" target=\"_blank\" rel=\"noopener nofollow\">Escola de Sa\u00fade P\u00fablica Johns Hopkins Bloomberg<\/a>.<\/p>\n<p>As taxas de vacina\u00e7\u00e3o contra influenza e COVID-19 est\u00e3o diminuindo em todas as faixas et\u00e1rias, em parte devido a uma campanha de sa\u00fade p\u00fablica menos agressiva e mensagens governamentais conflitantes. Al\u00e9m disso, a atual temporada de gripe est\u00e1 sendo impulsionada por uma nova variante H3N2 do \u201cclado K\u201d, que pode escapar parcialmente da imunidade.<\/p>\n<p>Esses foram alguns dos principais pontos abordados quando especialistas da Escola de Sa\u00fade P\u00fablica Johns Hopkins Bloomberg discutiram as tend\u00eancias dos v\u00edrus respirat\u00f3rios sazonais, enquanto o nordeste de Ohio e o resto do pa\u00eds se preparam para o inverno.<\/p>\n<p>Os especialistas em sa\u00fade foram o Dr. William Moss, professor dos departamentos de epidemiologia, sa\u00fade internacional e microbiologia molecular e imunologia; e Andrew Pekosz, professor e vice-presidente de microbiologia molecular e imunologia.<\/p>\n<p>\u201cNos pr\u00f3ximos dois a tr\u00eas meses, todos os estados experimentar\u00e3o altos n\u00edveis de atividade da gripe\u201d, disse Pekosz. \u201cSimplesmente n\u00e3o sabemos exatamente quando cada estado come\u00e7ar\u00e1 e terminar\u00e1 esses surtos.\u201d<\/p>\n<p>A gravidade da COVID-19 no Condado de Cuyahoga tamb\u00e9m tem sido lenta. N\u00e3o houve mortes relacionadas \u00e0 COVID-19 entre novembro e o in\u00edcio de dezembro, de acordo com os registros de sa\u00fade do condado.<\/p>\n<p>A seguir, veja os principais pontos que os especialistas nacionais disseram sobre o que esperar durante a temporada de v\u00edrus respirat\u00f3rios nos Estados Unidos.<\/p>\n<p>A ades\u00e3o \u00e0 vacina\u00e7\u00e3o contra gripe e COVID-19 continua em queda<\/p>\n<p>As taxas de vacina\u00e7\u00e3o contra gripe e COVID-19 t\u00eam apresentado tend\u00eancia de queda em todas as faixas et\u00e1rias desde a fase mais grave da pandemia. Diversos fatores contribu\u00edram para esse decl\u00ednio, incluindo uma menor mobiliza\u00e7\u00e3o p\u00fablica pela vacina\u00e7\u00e3o em compara\u00e7\u00e3o com anos anteriores.<\/p>\n<p>Pekosz alertou que mensagens conflitantes sobre a pol\u00edtica de vacina\u00e7\u00e3o, vindas de \u00f3rg\u00e3os governamentais como o Departamento de Sa\u00fade e Servi\u00e7os Humanos, podem gerar d\u00favidas e levar \u00e0 ina\u00e7\u00e3o p\u00fablica. Essa hesita\u00e7\u00e3o ocorre mesmo entre indiv\u00edduos que n\u00e3o s\u00e3o fundamentalmente contr\u00e1rios \u00e0s vacinas, mas que se sentem confusos com orienta\u00e7\u00f5es inconsistentes.<\/p>\n<p>A atividade do v\u00edrus sincicial respirat\u00f3rio (VSR) e da COVID-19 permanece relativamente baixa<\/p>\n<p>Os casos de VSR permanecem baixos, situa\u00e7\u00e3o que ele atribuiu a uma combina\u00e7\u00e3o de fatores, incluindo a imunidade da popula\u00e7\u00e3o ap\u00f3s duas temporadas fortes anteriores e a introdu\u00e7\u00e3o de novas vacinas e tratamentos contra o VSR.<\/p>\n<p>Da mesma forma, a atividade da COVID-19 est\u00e1 relativamente calma ap\u00f3s um pequeno pico no final do ver\u00e3o e in\u00edcio do outono. Embora os especialistas estejam monitorando um poss\u00edvel aumento no meio do inverno, nenhuma nova variante preocupante surgiu no cen\u00e1rio global.<\/p>\n<p>Pekosz alertou que mensagens contra a COVID-19 est\u00e3o relativamente calmas. Uma \u201ctempestade perfeita\u201d est\u00e1 se formando para doen\u00e7as preven\u00edveis por vacina\u00e7\u00e3o<\/p>\n<p>Nos Estados Unidos, uma combina\u00e7\u00e3o de crescente desconfian\u00e7a em rela\u00e7\u00e3o \u00e0s vacinas, queda na cobertura vacinal infantil e flexibiliza\u00e7\u00e3o dos requisitos de ingresso escolar est\u00e1 tornando a popula\u00e7\u00e3o americana mais vulner\u00e1vel a pat\u00f3genos, criando condi\u00e7\u00f5es para surtos mais frequentes e graves.<\/p>\n<p>Essa \u201ctempestade perfeita\u201d amea\u00e7a reverter d\u00e9cadas de progresso contra doen\u00e7as preven\u00edveis por vacina\u00e7\u00e3o.<\/p>\n<p>Nova variante da gripe est\u00e1 causando uma temporada potencialmente severa<\/p>\n<p>A temporada de gripe de 2025 nos EUA retornou a um cronograma pr\u00e9-pandemia, mas est\u00e1 sendo impulsionada por uma forma relativamente nova do v\u00edrus H3N2 chamada \u201cclado K\u201d.<\/p>\n<p>Essa variante, que causou temporadas de gripe mais precoces e intensas no Reino Unido, Jap\u00e3o e Canad\u00e1, \u00e9 agora a cepa dominante nos Estados Unidos.<\/p>\n<p>\u201c\u00c9 muito dif\u00edcil prever a temporada de gripe, mas agora estamos no in\u00edcio do que provavelmente veremos: uma temporada de gripe bastante severa, impulsionada principalmente por esse v\u00edrus do clado K\u201d, disse Pekosz.<\/p>\n<p>O clado K possui muta\u00e7\u00f5es que podem permitir que ele escape parcialmente da imunidade adquirida por infec\u00e7\u00f5es anteriores e vacinas, tornando mais pessoas suscet\u00edveis \u00e0 infec\u00e7\u00e3o.<\/p>\n<p>EUA enfrentam o pior surto de sarampo em 25 anos<\/p>\n<p>Os Estados Unidos est\u00e3o vivenciando o maior surto de sarampo desde que a doen\u00e7a foi declarada erradicada em 2000. At\u00e9 9 de dezembro, foram confirmados 1.912 casos, o maior n\u00famero em 25 anos.<\/p>\n<p>Os surtos de sarampo em todo o pa\u00eds n\u00e3o s\u00e3o causados \u200b\u200bpor muta\u00e7\u00f5es do v\u00edrus que permitem escapar das vacinas, mas sim alimentados por grupos de indiv\u00edduos n\u00e3o vacinados ou com vacina\u00e7\u00e3o incompleta em comunidades espec\u00edficas, disse Moss.<\/p>\n<p>O aumento nos casos de sarampo colocou em risco o status de elimina\u00e7\u00e3o do sarampo dos Estados Unidos, que j\u00e1 dura 25 anos. Um pa\u00eds perde esse status se a transmiss\u00e3o cont\u00ednua do v\u00edrus for documentada por 12 meses ou mais.<\/p>\n<p><strong>Fonte<\/strong>: Cleveland.com<\/p>\n<p><strong>Foto<\/strong>: Shutterstock<\/p>\n<p>Leia tamb\u00e9m<\/p>\n<p><a href=\"https:\/\/guiadafarmacia.com.br\/a-nova-gripe-que-gerou-alerta-da-oms-para-2026\/\" target=\"_blank\" rel=\"noopener nofollow\">A nova gripe que gerou alerta da OMS para 2026<\/a><\/p>\n","protected":false},"excerpt":{"rendered":"Nos Estados Unidos, a atividade do v\u00edrus sincicial respirat\u00f3rio (VSR) e da COVID-19 permanece relativamente baixa, devido \u00e0&hellip;\n","protected":false},"author":2,"featured_media":203814,"comment_status":"","ping_status":"","sticky":false,"template":"","format":"standard","meta":{"footnotes":""},"categories":[86],"tags":[2641,38506,116,32,33,117,11561,33213],"class_list":{"0":"post-203813","1":"post","2":"type-post","3":"status-publish","4":"format-standard","5":"has-post-thumbnail","7":"category-saude","8":"tag-covid-19","9":"tag-gripe-k","10":"tag-health","11":"tag-portugal","12":"tag-pt","13":"tag-saude","14":"tag-virus-respiratorios","15":"tag-virus-sincicial-respiratorio-vsr"},"share_on_mastodon":{"url":"https:\/\/pubeurope.com\/@pt\/115787933187094308","error":""},"_links":{"self":[{"href":"https:\/\/www.europesays.com\/pt\/wp-json\/wp\/v2\/posts\/203813","targetHints":{"allow":["GET"]}}],"collection":[{"href":"https:\/\/www.europesays.com\/pt\/wp-json\/wp\/v2\/posts"}],"about":[{"href":"https:\/\/www.europesays.com\/pt\/wp-json\/wp\/v2\/types\/post"}],"author":[{"embeddable":true,"href":"https:\/\/www.europesays.com\/pt\/wp-json\/wp\/v2\/users\/2"}],"replies":[{"embeddable":true,"href":"https:\/\/www.europesays.com\/pt\/wp-json\/wp\/v2\/comments?post=203813"}],"version-history":[{"count":0,"href":"https:\/\/www.europesays.com\/pt\/wp-json\/wp\/v2\/posts\/203813\/revisions"}],"wp:featuredmedia":[{"embeddable":true,"href":"https:\/\/www.europesays.com\/pt\/wp-json\/wp\/v2\/media\/203814"}],"wp:attachment":[{"href":"https:\/\/www.europesays.com\/pt\/wp-json\/wp\/v2\/media?parent=203813"}],"wp:term":[{"taxonomy":"category","embeddable":true,"href":"https:\/\/www.europesays.com\/pt\/wp-json\/wp\/v2\/categories?post=203813"},{"taxonomy":"post_tag","embeddable":true,"href":"https:\/\/www.europesays.com\/pt\/wp-json\/wp\/v2\/tags?post=203813"}],"curies":[{"name":"wp","href":"https:\/\/api.w.org\/{rel}","templated":true}]}}