{"id":203815,"date":"2025-12-26T21:13:12","date_gmt":"2025-12-26T21:13:12","guid":{"rendered":"https:\/\/www.europesays.com\/pt\/203815\/"},"modified":"2025-12-26T21:13:12","modified_gmt":"2025-12-26T21:13:12","slug":"o-vestido-da-parfois-para-usar-com-botas-altas-segundo-as-espanholas","status":"publish","type":"post","link":"https:\/\/www.europesays.com\/pt\/203815\/","title":{"rendered":"O vestido da Parfois para usar com botas altas, segundo as espanholas"},"content":{"rendered":"<p>No inverno, usar vestidos pode parecer um desafio, mas a verdade \u00e9 que estas pe\u00e7as, aliadas a uns bons collants, continuam a ser grandes apostas quando queremos um look r\u00e1pido. Basta um vestido para, voil\u00e0, ter um look elegante e vers\u00e1til para o trabalho ou um evento mais informal.<\/p>\n<p>\u00c9 precisamente isso que a Parfois volta a provar esta esta\u00e7\u00e3o. Segundo a imprensa espanhola, mais precisamente a <a href=\"https:\/\/woman.elperiodico.com\/moda\/acaban-aterrizar-parfois-vestidos-invierno-botas-altas-comodos-tipazo-dv-124734942#foto5\" target=\"_blank\" rel=\"nofollow noopener\">Woman Madame<\/a>, a marca portuguesa acaba de lan\u00e7ar uma sele\u00e7\u00e3o de vestidos de inverno que promete conquistar os nossos vizinhos, quando a procura \u00e9 por conforto e tend\u00eancias numa s\u00f3 pe\u00e7a, destacando-se os novos\u00a0<a href=\"https:\/\/www.parfois.com\/pt\/pt\/sapatos\/botas-e-botins\/botins-de-pele-com-ponta-aberta\/241082_BK_VG.html\" target=\"_blank\" rel=\"nofollow noopener\">botins de cano alto com ponta aberta<\/a> da cole\u00e7\u00e3o <a href=\"http:\/\/versa.iol.pt\/parfois\/vicky-montanari\/na-nova-colecao-parfois-x-vicky-montanari-ha-uma-carteira-que-te-da-sorte\/20251108\/690dc080d34e3caad84b0229\" rel=\"nofollow noopener\" target=\"_blank\">Parfois x Vicky Montanari<\/a>.\u00a0<\/p>\n<p>Muitos deles j\u00e1 est\u00e3o na lista de It girls portuguesas, assim como das\u00a0espanholas, j\u00e1 que a marca \u00e9 um sucesso tamb\u00e9m l\u00e1 fora. H\u00e1 vestidos com estampado animal print, geom\u00e9trico, com efeito enrugado ou com pormenor drapeado.<\/p>\n<p>Seja qual for a escolha, uma coisa \u00e9 certa: vais ter de os usar com\u00a0<a href=\"https:\/\/versa.iol.pt\/botas\/parfois\/ninguem-discorda-compramos-as-botas-mais-giras-deste-inverno-na-parfois\/20251121\/691ee214d34e2bd5c6d43303\" rel=\"nofollow noopener\" target=\"_blank\">botas de cano alto<\/a>. As op\u00e7\u00f5es, que mostramos na galeria de imagens, come\u00e7am nos \u20ac29,99.<\/p>\n","protected":false},"excerpt":{"rendered":"No inverno, usar vestidos pode parecer um desafio, mas a verdade \u00e9 que estas pe\u00e7as, aliadas a uns&hellip;\n","protected":false},"author":2,"featured_media":203816,"comment_status":"","ping_status":"","sticky":false,"template":"","format":"standard","meta":{"footnotes":""},"categories":[85],"tags":[1081,40423,204,114,115,754,186,1079,16154,32,33,1078,1367,1080],"class_list":{"0":"post-203815","1":"post","2":"type-post","3":"status-publish","4":"format-standard","5":"has-post-thumbnail","7":"category-entretenimento","8":"tag-beleza","9":"tag-botas-altas","10":"tag-design","11":"tag-entertainment","12":"tag-entretenimento","13":"tag-gastronomia","14":"tag-lifestyle","15":"tag-moda","16":"tag-parfois","17":"tag-portugal","18":"tag-pt","19":"tag-versa","20":"tag-vestido","21":"tag-viagens"},"share_on_mastodon":{"url":"https:\/\/pubeurope.com\/@pt\/115787936920058906","error":""},"_links":{"self":[{"href":"https:\/\/www.europesays.com\/pt\/wp-json\/wp\/v2\/posts\/203815","targetHints":{"allow":["GET"]}}],"collection":[{"href":"https:\/\/www.europesays.com\/pt\/wp-json\/wp\/v2\/posts"}],"about":[{"href":"https:\/\/www.europesays.com\/pt\/wp-json\/wp\/v2\/types\/post"}],"author":[{"embeddable":true,"href":"https:\/\/www.europesays.com\/pt\/wp-json\/wp\/v2\/users\/2"}],"replies":[{"embeddable":true,"href":"https:\/\/www.europesays.com\/pt\/wp-json\/wp\/v2\/comments?post=203815"}],"version-history":[{"count":0,"href":"https:\/\/www.europesays.com\/pt\/wp-json\/wp\/v2\/posts\/203815\/revisions"}],"wp:featuredmedia":[{"embeddable":true,"href":"https:\/\/www.europesays.com\/pt\/wp-json\/wp\/v2\/media\/203816"}],"wp:attachment":[{"href":"https:\/\/www.europesays.com\/pt\/wp-json\/wp\/v2\/media?parent=203815"}],"wp:term":[{"taxonomy":"category","embeddable":true,"href":"https:\/\/www.europesays.com\/pt\/wp-json\/wp\/v2\/categories?post=203815"},{"taxonomy":"post_tag","embeddable":true,"href":"https:\/\/www.europesays.com\/pt\/wp-json\/wp\/v2\/tags?post=203815"}],"curies":[{"name":"wp","href":"https:\/\/api.w.org\/{rel}","templated":true}]}}