{"id":203817,"date":"2025-12-26T21:14:25","date_gmt":"2025-12-26T21:14:25","guid":{"rendered":"https:\/\/www.europesays.com\/pt\/203817\/"},"modified":"2025-12-26T21:14:25","modified_gmt":"2025-12-26T21:14:25","slug":"pac-man-world-2-re-pac-recebe-traje-de-fim-de-ano-em-nova-atualizacao","status":"publish","type":"post","link":"https:\/\/www.europesays.com\/pt\/203817\/","title":{"rendered":"PAC-MAN WORLD 2 Re-PAC recebe traje de fim de ano em nova atualiza\u00e7\u00e3o"},"content":{"rendered":"<p>            <img width=\"950\" height=\"534\" src=\"https:\/\/www.europesays.com\/pt\/wp-content\/uploads\/2025\/12\/pac-man-scaled.jpg\" class=\"attachment-bouplay-wp-thumbnail-single-image size-bouplay-wp-thumbnail-single-image wp-post-image\" alt=\"\" decoding=\"async\" fetchpriority=\"high\"  \/> <\/p>\n<p>Drops recebeu informa\u00e7\u00f5es oficiais.<\/p>\n<p><img loading=\"lazy\" decoding=\"async\" class=\"alignnone size-full wp-image-89211\" src=\"https:\/\/www.europesays.com\/pt\/wp-content\/uploads\/2025\/12\/pac-man-scaled.jpg\" alt=\"\" width=\"950\" height=\"534\"   data-recalc-dims=\"1\"\/><\/p>\n<p>Celebre as festas de fim de ano no\u00a0<strong>PAC-MAN WORLD 2 Re-PAC<\/strong>\u00a0com um traje festivo gratuito para todos os jogadores! Corra, mastigue e quique com muito estilo por uma Pac-Land coberta de neve, usando tr\u00eas varia\u00e7\u00f5es de cores de trajes especiais de fim de ano.<\/p>\n<p>A atualiza\u00e7\u00e3o gratuita j\u00e1 est\u00e1 dispon\u00edvel para todos os jogadores, em todas as plataformas.<\/p>\n<p><strong>PAC-MAN WORLD 2 Re-PAC<\/strong>\u00a0\u00e9 um remake do querido jogo de a\u00e7\u00e3o e plataforma que moderniza a jogabilidade de um dos t\u00edtulos de PAC-MAN mais vendidos de todos os tempos, mantendo fielmente seu charme original. Aventure-se por Pac-Land em seis \u00e1reas \u00fanicas para recuperar a Fruta Dourada roubada pelos Fantasmas, com visuais significativamente aprimorados, novas mec\u00e2nicas de gameplay, fases in\u00e9ditas e expandidas, al\u00e9m de dublagem completa para todos os personagens principais.<\/p>\n<p>O jogo j\u00e1 est\u00e1 dispon\u00edvel para PlayStation 5, PlayStation 4, Xbox Series X|S, Xbox One, Nintendo Switch, Nintendo Switch 2 e PC via Steam. Para mais informa\u00e7\u00f5es, visite o\u00a0<a href=\"https:\/\/theogames.us18.list-manage.com\/track\/click?u=ef5b9476eedc3f79bb3048564&amp;id=a41fe20e24&amp;e=5ed6586437\" target=\"_blank\" rel=\"noopener nofollow\" data-saferedirecturl=\"https:\/\/www.google.com\/url?q=https:\/\/theogames.us18.list-manage.com\/track\/click?u%3Def5b9476eedc3f79bb3048564%26id%3Da41fe20e24%26e%3D5ed6586437&amp;source=gmail&amp;ust=1766836847835000&amp;usg=AOvVaw2zPAL8pQeGQFh9iWnMK9_l\">site oficial<\/a>.<\/p>\n<p>\n\tRelacionado\n<\/p>\n<p>** Este texto n\u00e3o reflete, necessariamente, a opini\u00e3o do Portal UAI.<\/p>\n","protected":false},"excerpt":{"rendered":"Drops recebeu informa\u00e7\u00f5es oficiais. Celebre as festas de fim de ano no\u00a0PAC-MAN WORLD 2 Re-PAC\u00a0com um traje festivo&hellip;\n","protected":false},"author":2,"featured_media":203818,"comment_status":"","ping_status":"","sticky":false,"template":"","format":"standard","meta":{"footnotes":""},"categories":[84],"tags":[3980,7558,109,107,108,295,7561,40424,40425,40426,32,33,105,103,104,106,110],"class_list":{"0":"post-203817","1":"post","2":"type-post","3":"status-publish","4":"format-standard","5":"has-post-thumbnail","7":"category-ciencia-e-tecnologia","8":"tag-3980","9":"tag-ano-novo","10":"tag-ciencia","11":"tag-ciencia-e-tecnologia","12":"tag-cienciaetecnologia","13":"tag-industria","14":"tag-natal","15":"tag-pac-land","16":"tag-pac-man","17":"tag-pac-man-world-2-re-pac","18":"tag-portugal","19":"tag-pt","20":"tag-science","21":"tag-science-and-technology","22":"tag-scienceandtechnology","23":"tag-technology","24":"tag-tecnologia"},"share_on_mastodon":{"url":"https:\/\/pubeurope.com\/@pt\/115787941185889810","error":""},"_links":{"self":[{"href":"https:\/\/www.europesays.com\/pt\/wp-json\/wp\/v2\/posts\/203817","targetHints":{"allow":["GET"]}}],"collection":[{"href":"https:\/\/www.europesays.com\/pt\/wp-json\/wp\/v2\/posts"}],"about":[{"href":"https:\/\/www.europesays.com\/pt\/wp-json\/wp\/v2\/types\/post"}],"author":[{"embeddable":true,"href":"https:\/\/www.europesays.com\/pt\/wp-json\/wp\/v2\/users\/2"}],"replies":[{"embeddable":true,"href":"https:\/\/www.europesays.com\/pt\/wp-json\/wp\/v2\/comments?post=203817"}],"version-history":[{"count":0,"href":"https:\/\/www.europesays.com\/pt\/wp-json\/wp\/v2\/posts\/203817\/revisions"}],"wp:featuredmedia":[{"embeddable":true,"href":"https:\/\/www.europesays.com\/pt\/wp-json\/wp\/v2\/media\/203818"}],"wp:attachment":[{"href":"https:\/\/www.europesays.com\/pt\/wp-json\/wp\/v2\/media?parent=203817"}],"wp:term":[{"taxonomy":"category","embeddable":true,"href":"https:\/\/www.europesays.com\/pt\/wp-json\/wp\/v2\/categories?post=203817"},{"taxonomy":"post_tag","embeddable":true,"href":"https:\/\/www.europesays.com\/pt\/wp-json\/wp\/v2\/tags?post=203817"}],"curies":[{"name":"wp","href":"https:\/\/api.w.org\/{rel}","templated":true}]}}