{"id":203821,"date":"2025-12-26T21:18:15","date_gmt":"2025-12-26T21:18:15","guid":{"rendered":"https:\/\/www.europesays.com\/pt\/203821\/"},"modified":"2025-12-26T21:18:15","modified_gmt":"2025-12-26T21:18:15","slug":"desconvocada-a-greve-nos-aeroportos-prevista-para-os-dias-31-e-1","status":"publish","type":"post","link":"https:\/\/www.europesays.com\/pt\/203821\/","title":{"rendered":"Desconvocada a greve nos aeroportos prevista para os dias 31 e 1"},"content":{"rendered":"<p>                (em atualiza\u00e7\u00e3o)<\/p>\n<p>&#13;<br \/>\nFoi desconvocada a greve nos aeroportos que estava prevista para os dias 31 de dezembro e 1 de janeiro. Os sindicatos dos trabalhadores da SPdH\/Menzies (antiga Groundforce) chegaram a acordo com os acionistas.&#13;\n<\/p>\n<p>Em comunicado conjunto, o Sitava &#8211; Sindicato dos Trabalhadores da Avia\u00e7\u00e3o e Aeroportos  e o Sindicato dos Trabalhadores de Handling, Avia\u00e7\u00e3o e Aeroportos (STHAA) adiantam que <b>foram assinados acordos com a Menzies e com a TAP, validados pelo Governo, que d\u00e3o garantias de estabilidade e futuro aos trabalhadores<\/b>, permitindo, assim, desconvocar a paralisa\u00e7\u00e3o. <\/p>\n<p>&#8220;Hoje, depois de negocia\u00e7\u00f5es intensas com a SPdH, com os seus accionistas (Menzies e TAP, neste caso devidamente validadas pelo Governo), podemos anunciar que assin\u00e1mos dois acordos&#8221;, congratulam-se.<\/p>\n<p>Segundo os sindicatos, o acordo com a SPdH\/Menzies prev\u00ea <b>a negocia\u00e7\u00e3o imediata de um novo Acordo de Empresa, com prioridade \u00e0s tabelas salariais<\/b> e outras componentes remunerat\u00f3rias, em linha com o acordo de rendimentos assinado entre o Governo e os parceiros sociais.<\/p>\n<p>J\u00e1 o entendimento alcan\u00e7ado com a TAP, validado pelo Governo, visa assegurar &#8220;as condi\u00e7\u00f5es necess\u00e1rias&#8221; para garantir a estabilidade dos trabalhadores.<\/p>\n<p>No entanto, segundo a nota, os acordos hoje assinados, &#8220;nos termos da lei (art.\u00ba 496 do C\u00f3digo do Trabalho) abrangem exclusivamente os nossos associados&#8221;. Mas &#8220;d\u00e3o-nos garantias de estabilidade e futuro, pelo que nos permitem desconvocar a greve de 31 de dezembro e 01 de janeiro&#8221;, acrescentam. <\/p>\n<p><b>&#8220;Est\u00e3o assim criadas as condi\u00e7\u00f5es para aguardarmos com serenidade o relat\u00f3rio final da Autoridade Nacional da Avia\u00e7\u00e3o Civil (ANAC) para atribui\u00e7\u00e3o das licen\u00e7as&#8221;<\/b>, referem as dire\u00e7\u00f5es sindicais no comunicado, acrescentando que no in\u00edcio de janeiro ser\u00e3o realizados plen\u00e1rios de trabalhadores para detalhar os acordos alcan\u00e7ados.<\/p>\n<p>A greve tinha sido convocada devido \u00e0 incerteza quanto ao futuro dos trabalhadores no \u00e2mbito do concurso para atribui\u00e7\u00e3o das licen\u00e7as de assist\u00eancia em escala (&#8216;handling&#8217;), cujo relat\u00f3rio preliminar da ANAC coloca em primeiro lugar o cons\u00f3rcio Clece\/South.<\/p>\n<p>No contexto desse concurso, o Governo tinha prorrogado as atuais licen\u00e7as de &#8216;handling&#8217; at\u00e9, pelo menos, 19 de maio de 2026.&#13;<\/p>\n","protected":false},"excerpt":{"rendered":"(em atualiza\u00e7\u00e3o) &#13; Foi desconvocada a greve nos aeroportos que estava prevista para os dias 31 de dezembro&hellip;\n","protected":false},"author":2,"featured_media":203822,"comment_status":"","ping_status":"","sticky":false,"template":"","format":"standard","meta":{"footnotes":""},"categories":[8],"tags":[322,27,28,15,16,1322,14,25,26,21,22,26842,12,13,19,20,32,23,24,33,17,18,29,30,31],"class_list":{"0":"post-203821","1":"post","2":"type-post","3":"status-publish","4":"format-standard","5":"has-post-thumbnail","7":"category-principais-noticias","8":"tag-aeroporto","9":"tag-breaking-news","10":"tag-breakingnews","11":"tag-featured-news","12":"tag-featurednews","13":"tag-greve","14":"tag-headlines","15":"tag-latest-news","16":"tag-latestnews","17":"tag-main-news","18":"tag-mainnews","19":"tag-menzies","20":"tag-news","21":"tag-noticias","22":"tag-noticias-principais","23":"tag-noticiasprincipais","24":"tag-portugal","25":"tag-principais-noticias","26":"tag-principaisnoticias","27":"tag-pt","28":"tag-top-stories","29":"tag-topstories","30":"tag-ultimas","31":"tag-ultimas-noticias","32":"tag-ultimasnoticias"},"share_on_mastodon":{"url":"https:\/\/pubeurope.com\/@pt\/115787956667275297","error":""},"_links":{"self":[{"href":"https:\/\/www.europesays.com\/pt\/wp-json\/wp\/v2\/posts\/203821","targetHints":{"allow":["GET"]}}],"collection":[{"href":"https:\/\/www.europesays.com\/pt\/wp-json\/wp\/v2\/posts"}],"about":[{"href":"https:\/\/www.europesays.com\/pt\/wp-json\/wp\/v2\/types\/post"}],"author":[{"embeddable":true,"href":"https:\/\/www.europesays.com\/pt\/wp-json\/wp\/v2\/users\/2"}],"replies":[{"embeddable":true,"href":"https:\/\/www.europesays.com\/pt\/wp-json\/wp\/v2\/comments?post=203821"}],"version-history":[{"count":0,"href":"https:\/\/www.europesays.com\/pt\/wp-json\/wp\/v2\/posts\/203821\/revisions"}],"wp:featuredmedia":[{"embeddable":true,"href":"https:\/\/www.europesays.com\/pt\/wp-json\/wp\/v2\/media\/203822"}],"wp:attachment":[{"href":"https:\/\/www.europesays.com\/pt\/wp-json\/wp\/v2\/media?parent=203821"}],"wp:term":[{"taxonomy":"category","embeddable":true,"href":"https:\/\/www.europesays.com\/pt\/wp-json\/wp\/v2\/categories?post=203821"},{"taxonomy":"post_tag","embeddable":true,"href":"https:\/\/www.europesays.com\/pt\/wp-json\/wp\/v2\/tags?post=203821"}],"curies":[{"name":"wp","href":"https:\/\/api.w.org\/{rel}","templated":true}]}}