{"id":203823,"date":"2025-12-26T21:19:10","date_gmt":"2025-12-26T21:19:10","guid":{"rendered":"https:\/\/www.europesays.com\/pt\/203823\/"},"modified":"2025-12-26T21:19:10","modified_gmt":"2025-12-26T21:19:10","slug":"ticiane-pinheiro-passa-por-exame-apos-se-machucar-no-natal-deu-ruim","status":"publish","type":"post","link":"https:\/\/www.europesays.com\/pt\/203823\/","title":{"rendered":"Ticiane Pinheiro passa por exame ap\u00f3s se machucar no Natal: &#8216;Deu ruim&#8217;"},"content":{"rendered":"<p>A apresentadora <strong><a href=\"https:\/\/caras.com.br\/tags\/ticiane-pinheiro\" target=\"_blank\" rel=\"noopener nofollow\">Ticiane Pinheiro<\/a><\/strong> teve um imprevisto depois do Natal. Nesta sexta-feira, 26, a jornalista compartilhou que precisou ir fazer um exame por ter se machucado durante a comemora\u00e7\u00e3o bem animada com a fam\u00edlia.<\/p>\n<p>Ap\u00f3s mais um dia emocionante se despedindo do Hoje Em Dia, da Record TV, a famosa foi para o hospital realizar um exame de imagem. A esposa de <strong>C\u00e9sar Tralli<\/strong> ent\u00e3o contou que foi ver o que estava acontecendo com seu joelho, que come\u00e7ou a incomod\u00e1-la depois do Natal.<\/p>\n<p>\u201cResson\u00e2ncia. Dancei muito no Natal e meu joelho deu ruim\u201d, escreveu a comunicadora ao aparecer sorridente depois de ter aproveitado demais os momentos com sua fam\u00edlia reunida em seu apartamento em S\u00e3o Paulo.<\/p>\n<p>Na rede social, Ticiane Pinheiro compartilhou v\u00eddeos mostrando como seu Natal foi bem divertido. Ela recebeu <strong>Hel\u00f4 Pinheiro<\/strong>, seu pai, suas irm\u00e3s, cunhados, sobrinhos e fam\u00edlia de C\u00e9sar Tralli em seu lar na capital paulista. Por enquanto, ela ainda n\u00e3o fez a mudan\u00e7a para o Rio de Janeiro.<\/p>\n<p>\t Ticiane Pinheiro faz exame depois do Natal: <img loading=\"lazy\" decoding=\"async\" class=\"size-full wp-image-1050241 img-fluid lazy\" alt=\"Ticiane Pinheiro faz exame ap\u00f3s o Natal\" width=\"1080\" height=\"1768\" src=\"https:\/\/www.europesays.com\/pt\/wp-content\/uploads\/2025\/12\/ticiane-pinheiro-faz-exame-apos-natal.jpg\"  \/>Ticiane Pinheiro faz exame ap\u00f3s o Natal \u2013 Foto: @ticipinheiro Ticiane Pinheiro acerta o presente da filha ca\u00e7ula <\/p>\n<p>Ap\u00f3s no \u00faltimo ano errar o presente de <strong>Manuella Pinheiro Tralli<\/strong>, dando um carrinho de controle remoto ao inv\u00e9s de um autom\u00f3vel de brinquedo para a menina dirigir, Ticiane Pinheiro acertou na compra e deu o que a herdeira pediu. A esposa de C\u00e9sar Tralli ent\u00e3o <a href=\"https:\/\/caras.com.br\/datas-especiais\/ticiane-pinheiro-acerta-presente-de-natal-da-filha-apos-no-ultimo-ano-errar-feio.phtml\" rel=\"nofollow noopener\" target=\"_blank\">deu bonecos g\u00eameos para o Papai Noel entregar para a menina no Natal em fam\u00edlia<\/a>.<\/p>\n<p> Ticiane Pinheiro ganha presente especial de Natal de Rafaella Justus <\/p>\n<p>No Natal deste ano, Ticiane Pinheiro ganhou um presente especial de Rafaella Justus. A jovem, de 16 anos, acertou no mimo que deu para a m\u00e3e e a famosa mostrou em sua rede social que come\u00e7ou a usar o \u201cbrinquedinho\u201d na hora que recebeu o item da primog\u00eanita. <a href=\"https:\/\/caras.com.br\/datas-especiais\/ticiane-pinheiro-mostra-o-que-ganhou-de-rafaella-justus-de-natal-ninguem-me-segura.phtml\" rel=\"nofollow noopener\" target=\"_blank\">Veja o que a famosa ganhou aqui!<\/a><\/p>\n<p>        <a href=\"https:\/\/caras.com.br\/autor\/nataly-paschoal\" rel=\"nofollow noopener\" target=\"_blank\">&#13;<br \/>\n          <img loading=\"lazy\" decoding=\"async\" alt=\"Nataly Paschoal\" src=\"https:\/\/www.europesays.com\/pt\/wp-content\/uploads\/2025\/12\/nataly-paschoal_sqmd.jpg\" class=\"avatar avatar-115 photo rounded-circle\" height=\"115\" width=\"115\"\/>        <\/a><\/p>\n<p><b>Nataly Paschoal <\/b>\u00e9 rep\u00f3rter de conte\u00fado do site CARAS. Formada em jornalismo pela Faculdade C\u00e1sper L\u00edbero, ela j\u00e1 passou por sites como Todateen, Sportlife e espnW. Escreve sobre celebridades, TV, reality show e novelas.<\/p>\n","protected":false},"excerpt":{"rendered":"A apresentadora Ticiane Pinheiro teve um imprevisto depois do Natal. Nesta sexta-feira, 26, a jornalista compartilhou que precisou&hellip;\n","protected":false},"author":2,"featured_media":203824,"comment_status":"","ping_status":"","sticky":false,"template":"","format":"standard","meta":{"footnotes":""},"categories":[145],"tags":[211,210,114,115,32,33,4787],"class_list":{"0":"post-203823","1":"post","2":"type-post","3":"status-publish","4":"format-standard","5":"has-post-thumbnail","7":"category-celebridades","8":"tag-celebridades","9":"tag-celebrities","10":"tag-entertainment","11":"tag-entretenimento","12":"tag-portugal","13":"tag-pt","14":"tag-ticiane-pinheiro"},"share_on_mastodon":{"url":"https:\/\/pubeurope.com\/@pt\/115787960756055093","error":""},"_links":{"self":[{"href":"https:\/\/www.europesays.com\/pt\/wp-json\/wp\/v2\/posts\/203823","targetHints":{"allow":["GET"]}}],"collection":[{"href":"https:\/\/www.europesays.com\/pt\/wp-json\/wp\/v2\/posts"}],"about":[{"href":"https:\/\/www.europesays.com\/pt\/wp-json\/wp\/v2\/types\/post"}],"author":[{"embeddable":true,"href":"https:\/\/www.europesays.com\/pt\/wp-json\/wp\/v2\/users\/2"}],"replies":[{"embeddable":true,"href":"https:\/\/www.europesays.com\/pt\/wp-json\/wp\/v2\/comments?post=203823"}],"version-history":[{"count":0,"href":"https:\/\/www.europesays.com\/pt\/wp-json\/wp\/v2\/posts\/203823\/revisions"}],"wp:featuredmedia":[{"embeddable":true,"href":"https:\/\/www.europesays.com\/pt\/wp-json\/wp\/v2\/media\/203824"}],"wp:attachment":[{"href":"https:\/\/www.europesays.com\/pt\/wp-json\/wp\/v2\/media?parent=203823"}],"wp:term":[{"taxonomy":"category","embeddable":true,"href":"https:\/\/www.europesays.com\/pt\/wp-json\/wp\/v2\/categories?post=203823"},{"taxonomy":"post_tag","embeddable":true,"href":"https:\/\/www.europesays.com\/pt\/wp-json\/wp\/v2\/tags?post=203823"}],"curies":[{"name":"wp","href":"https:\/\/api.w.org\/{rel}","templated":true}]}}