{"id":203825,"date":"2025-12-26T21:22:20","date_gmt":"2025-12-26T21:22:20","guid":{"rendered":"https:\/\/www.europesays.com\/pt\/203825\/"},"modified":"2025-12-26T21:22:20","modified_gmt":"2025-12-26T21:22:20","slug":"discussao-escala-e-a-voz-intervem-na-conversa-em-que-momento-e-que-eu-meti-os-250-mil-euros-a-frente-da-amizade-tvi-player","status":"publish","type":"post","link":"https:\/\/www.europesays.com\/pt\/203825\/","title":{"rendered":"Discuss\u00e3o escala e a Voz interv\u00e9m na conversa: \u00abEm que momento \u00e9 que eu meti os 250 mil euros \u00e0 frente da amizade? &#8211; TVI Player"},"content":{"rendered":"<ol>\n<li><a href=\"https:\/\/news.google.com\/rss\/articles\/CBMipAFBVV95cUxPTjhhYS1sWWd5alpQMTg5WnlWbzJidVRMLVhSVGI5Tk9rYkthcmdIcXFkZ25zd01ESk16VTdNRVdYUFF4bzBTRVh6aU1VNEpmYmM3cE9RYWdIcHJqWnRLbjlnODBxVTNvVDRwVEs1MW9kaWRqUlFSODVLQzh4RTBzOGh5c2daQTh6ajQtSWd6Z3ZvaXNfcENTNDBtSWYwTm1tSzVJeA?oc=5\" target=\"_blank\" rel=\"nofollow noopener\">Discuss\u00e3o escala e a Voz interv\u00e9m na conversa: \u00abEm que momento \u00e9 que eu meti os 250 mil euros \u00e0 frente da amizade?<\/a>&nbsp;&nbsp;TVI Player<\/li>\n<li><a href=\"https:\/\/news.google.com\/rss\/articles\/CBMipgFBVV95cUxOdTVJMVhUenBoZlBDWlBsc29xclJ5MU1qWTRZWmtlTzM5ck5ESDhJXzZ1Q1kwOG1pS0p0Y0FRRllucFA5ZG81NGpaQ0tTNTAyY2VXWFdJaXd6b2s5NkVCQXF4VVZJQ3ZsLVgzOTdvd0M4Q05nZ1BScEtwNDUwMUlIMXl0NHpLOHU3Y2o1T0VzY2xtcWRPUWN2aFhLN2NUQmVRaWlOTUpB?oc=5\" target=\"_blank\" rel=\"nofollow noopener\">&#8220;O Pedro foi isto&#8221;: Leandro \u00e9 implac\u00e1vel com ex-aliado e critica-o no confession\u00e1rio<\/a>&nbsp;&nbsp;Hiper Fm<\/li>\n<li><a href=\"https:\/\/news.google.com\/rss\/articles\/CBMi4gFBVV95cUxOWUxHdTJyS21NVHlQbktnYk0ySnQydGliT3F6Z2Rzc3NFSE1faElaa0U1WWRhcWJMTnA1RmR6cUdESHRlU01pRGlqNFpWNXh3UEJlUk4xZXdXbHU4cjFOVm5YMC1RM2puZk9XU2pyMnU1U0VPc2dlOUwtZmdWY2E2UW9WSzBITlpGWFZPZ3BQV3Z5cTlOMDdTTXdXZzVLTWktOVh0d1pGTnVQQUVXbVZmQkJ5bUNCdm1Hd1dRN0FHdm44QWJ6eXNVbmtHV05YSFY1WlFjbVhUR0hsV28xbmtyb2tR?oc=5\" target=\"_blank\" rel=\"nofollow noopener\">Casa dos Segredos: Pedro Jorge e Leandro passam-se ap\u00f3s gala intensa! \u201cSomos amigos, mas o jogo primeiro\u201d<\/a>&nbsp;&nbsp;SAPO<\/li>\n<li><a href=\"https:\/\/news.google.com\/rss\/articles\/CBMinAFBVV95cUxPY29rMzFYVEx3WVR2SDNpZnFGalVPSzdKcXBCVWZOUl9qT19YOU1EUTlXbU5kdUV4LXhTM3d3cGpwazNzOUtMVVFtSW1kYXc0X2JGMlRWa3Qxd3E5enFaUHZiNkh3eUxBdXZXVEpTSUJVYTlUY3hER2hKZEZtcVV3RHlJeDVfUldiUnF6UHBzMkhhYjZkMFYtZlE1NFE?oc=5\" target=\"_blank\" rel=\"nofollow noopener\">Leandro critica \u201cbaixo n\u00edvel\u201d ap\u00f3s noite de caos no Secret Story 9<\/a>&nbsp;&nbsp;A Televis\u00e3o<\/li>\n<li><a href=\"https:\/\/news.google.com\/rss\/articles\/CBMiuwFBVV95cUxQV0lVYnBIRFpZNWdzXzFPNDhyQm5EelA0M2NrblJpNld2T3dLa2NIYlIxVXpCcEEySk5tdWZCM1N1a0xjbGRGZzBBTHlXQ3l2eXlUcmZtUWxUb1gxSllJVC1XV2dNSHA0YmFKVWUySWdIWkxsSWxzbkxEN0NqS0FTZlRNZUx1ZkVTZnRDRFNBZWpPajQ3OVlsbC1rNmJra01rNnV3aUhFcWV2bU9ES3VYVlFYMjRHbHNqSlRB0gG7AUFVX3lxTFBXSVVicEhEWlk1Z3NfMU80OHJCbkR6UDQzY2tuUmk2V3ZPd0trY0hiUjFVekJwQTJKTm11ZkIzU3VrTGNsZEZnMEFMeVdDeXZ5eVRyZm1RbFRvWDFKWUlULVdXZ01IcDRiYUpVZTJJZ0haTGxJbHNuTEQ3Q2pLQVNmVE1lTHVmRVNmdENEU0Flak9qNDc5WWxsLWs2YmtrTWs2dXdpSEVxZXZtT0RLdVhWUVgyNEdsc2pKVEE?oc=5\" target=\"_blank\" rel=\"nofollow noopener\">Secret Story 9 entra em clima de rutura: Liliana e Leandro atacam Pedro Jorge ap\u00f3s expuls\u00e3o de F\u00e1bio<\/a>&nbsp;&nbsp;infocul.pt<\/li>\n<\/ol>\n","protected":false},"excerpt":{"rendered":"Discuss\u00e3o escala e a Voz interv\u00e9m na conversa: \u00abEm que momento \u00e9 que eu meti os 250 mil&hellip;\n","protected":false},"author":2,"featured_media":203826,"comment_status":"","ping_status":"","sticky":false,"template":"","format":"standard","meta":{"footnotes":""},"categories":[142],"tags":[114,115,12397,14646,32,33,151],"class_list":{"0":"post-203825","1":"post","2":"type-post","3":"status-publish","4":"format-standard","5":"has-post-thumbnail","7":"category-tv","8":"tag-entertainment","9":"tag-entretenimento","10":"tag-leandro","11":"tag-pedro","12":"tag-portugal","13":"tag-pt","14":"tag-tv"},"share_on_mastodon":{"url":"https:\/\/pubeurope.com\/@pt\/115787972223446615","error":""},"_links":{"self":[{"href":"https:\/\/www.europesays.com\/pt\/wp-json\/wp\/v2\/posts\/203825","targetHints":{"allow":["GET"]}}],"collection":[{"href":"https:\/\/www.europesays.com\/pt\/wp-json\/wp\/v2\/posts"}],"about":[{"href":"https:\/\/www.europesays.com\/pt\/wp-json\/wp\/v2\/types\/post"}],"author":[{"embeddable":true,"href":"https:\/\/www.europesays.com\/pt\/wp-json\/wp\/v2\/users\/2"}],"replies":[{"embeddable":true,"href":"https:\/\/www.europesays.com\/pt\/wp-json\/wp\/v2\/comments?post=203825"}],"version-history":[{"count":0,"href":"https:\/\/www.europesays.com\/pt\/wp-json\/wp\/v2\/posts\/203825\/revisions"}],"wp:featuredmedia":[{"embeddable":true,"href":"https:\/\/www.europesays.com\/pt\/wp-json\/wp\/v2\/media\/203826"}],"wp:attachment":[{"href":"https:\/\/www.europesays.com\/pt\/wp-json\/wp\/v2\/media?parent=203825"}],"wp:term":[{"taxonomy":"category","embeddable":true,"href":"https:\/\/www.europesays.com\/pt\/wp-json\/wp\/v2\/categories?post=203825"},{"taxonomy":"post_tag","embeddable":true,"href":"https:\/\/www.europesays.com\/pt\/wp-json\/wp\/v2\/tags?post=203825"}],"curies":[{"name":"wp","href":"https:\/\/api.w.org\/{rel}","templated":true}]}}