{"id":203851,"date":"2025-12-26T21:42:14","date_gmt":"2025-12-26T21:42:14","guid":{"rendered":"https:\/\/www.europesays.com\/pt\/203851\/"},"modified":"2025-12-26T21:42:14","modified_gmt":"2025-12-26T21:42:14","slug":"num-natal-de-uniao-filhas-de-andre-juntam-se-ao-tio-carlos-iii-em-sandringham-familia-real-britanica","status":"publish","type":"post","link":"https:\/\/www.europesays.com\/pt\/203851\/","title":{"rendered":"Num Natal de uni\u00e3o, filhas de Andr\u00e9 juntam-se ao tio Carlos III em Sandringham | Fam\u00edlia Real Brit\u00e2nica"},"content":{"rendered":"<p>Num Natal onde o rei Carlos III pediu uni\u00e3o na diversidade, o monarca reflectiu a sua pr\u00f3pria mensagem ao incluir as princesas Beatrice e Eugenie no tradicional passeio da fam\u00edlia real em Sandringham antes da celebra\u00e7\u00e3o religiosa. As filhas do ex-pr\u00edncipe Andr\u00e9, recentemente <a href=\"https:\/\/www.publico.pt\/2025\/10\/17\/impar\/noticia\/principe-andre-abdica-titulos-reais-2151292\" rel=\"nofollow noopener\" target=\"_blank\">destitu\u00eddo dos seus t\u00edtulos <\/a>e afastado das celebra\u00e7\u00f5es familiares, mostraram-se indiferentes \u00e0 pol\u00e9mica do pai pelas suas liga\u00e7\u00f5es ao criminoso sexual Jeffrey Epstein.<\/p>\n<p>O rei Carlos e a rainha Camila lideraram a prociss\u00e3o dos membros seniores da fam\u00edlia em Sandringham, a cerca de 175 km a nordeste de Londres, onde cumprimentaram todos os simpatizantes que os esperavam. Logo atr\u00e1s, seguiam William e Kate, com os tr\u00eas filhos, George, de 12 anos, Charlotte, de 10, e Louis, de 7.<\/p>\n<p>Apesar de os futuros reis fazerem a maioria dos cumprimentos, tamb\u00e9m acompanhavam outros Windsor, como a princesa Ana e o marido, Tim Laurence; os duques de Edimburgo, Sofia e Eduardo, com os filhos; bem como a sobrinha do rei, Zara, e o marido, Mike Tindall. Em alcateia, ladeavam as princesas Beatrice e Eugenie, de 37 e 35 anos, que t\u00eam mantido uma presen\u00e7a cont\u00ednua nos eventos familiares, apesar da controv\u00e9rsia em torno do pai, excomungado do Natal familiar.<\/p>\n<p>Curiosamente, em breve, Andrew Mountbatten Windsor, como \u00e9 agora conhecido o antigo pr\u00edncipe Andr\u00e9, vai mudar-se para uma casa privada na propriedade de Sandringham, onde a fam\u00edlia real brit\u00e2nica passa o Natal desde 1988. Este ano, o ex-duque de Iorque ter\u00e1 passado a quadra natal\u00edcia com a ex-mulher, <a href=\"https:\/\/www.publico.pt\/2022\/07\/19\/impar\/noticia\/sarah-ferguson-62-simplesmente-facil-ninguem-2013405\" rel=\"nofollow noopener\" target=\"_blank\">Sarah Ferguson<\/a>, no<a href=\"https:\/\/www.publico.pt\/2025\/10\/30\/impar\/noticia\/rei-carlos-retira-titulos-casa-irmao-andre-2152796\" rel=\"nofollow noopener\" target=\"_blank\"> Royal Lodge<\/a>, em Windsor, onde ainda vive.<\/p>\n<p>                &#13;<br \/>\n                    &#13;<br \/>\n                    &#13;<br \/>\n                        Beatrice e Eugenie, com os maridos Edoardo Mapelli Mozzi e Jack Brooksbank &#13;<br \/>\nHannah McKay\/Reuters                    &#13;<\/p>\n<p>O Pal\u00e1cio de Buckingham afirmou que retirar os t\u00edtulos a Andr\u00e9 era uma medida necess\u00e1ria proteger a reputa\u00e7\u00e3o da monarquia, acrescentando que a solidariedade do rei estava com as v\u00edtimas de abuso \u2014 ainda que Mountbatten Windsor negue as acusa\u00e7\u00f5es de ter abusado sexualmente da norte-americana <a href=\"https:\/\/www.publico.pt\/2025\/04\/26\/impar\/noticia\/morreu-mulher-denunciou-jeffrey-epstein-principe-andre-2131041\" rel=\"nofollow noopener\" target=\"_blank\">Virginia Giuffre<\/a> (1983-2025).<\/p>\n<p>                &#13;<br \/>\n                    &#13;<br \/>\n                    &#13;<br \/>\n                        Carlos e Camila&#13;<br \/>\nHannah McKay\/Reuters                    &#13;<\/p>\n<p><strong>Unidade na diversidade<\/strong><\/p>\n<p>No passeio por Sandringham, a fam\u00edlia n\u00e3o comentou a pol\u00e9mica com Andr\u00e9 e mostrou-se unida, tal como Carlos apregoou no seu discurso, transmitido depois de almo\u00e7o na televis\u00e3o. Naquela que \u00e9 j\u00e1 a sua <a href=\"https:\/\/www.publico.pt\/2022\/12\/25\/impar\/noticia\/carlos-iii-invoca-mae-fe-humanidade-primeira-mensagem-natal-rei-2032677\" rel=\"nofollow noopener\" target=\"_blank\">quarta mensagem anual de Natal<\/a>, o rei destacou a import\u00e2ncia da unidade na diversidade, num momento em que guerras e tens\u00f5es colocam comunidades em todo o mundo sob press\u00e3o. \u201cCom a grande diversidade das nossas comunidades, podemos encontrar a for\u00e7a para garantir que o triunfo sobre o mal\u201d, disse Carlos, de 77 anos.<\/p>\n<p>\u201cAo conhecer pessoas de diferentes credos, acho encorajador ouvir o quanto temos em comum, um desejo partilhado pela paz e um profundo respeito pela vida\u201d, continuou, recordando a visita de Estado ao Vaticano em Outubro, onde ele e o Papa Le\u00e3o rezaram juntos na <a href=\"https:\/\/www.publico.pt\/2025\/10\/17\/impar\/noticia\/carlos-iii-vai-vaticano-rezar-papa-leao-xiv-primeira-500-anos-2151255\" rel=\"nofollow noopener\" target=\"_blank\">primeira celebra\u00e7\u00e3o conjunta <\/a>entre um monarca brit\u00e2nico e um l\u00edder cat\u00f3lico desde que a Inglaterra se separou de Roma em 1534.<\/p>\n<p>Carlos falou sobre \u201cviajar\u201d e a import\u00e2ncia de mostrar bondade \u00e0s pessoas em movimento \u2014 temas que ressoam num momento de intensa preocupa\u00e7\u00e3o p\u00fablica com a migra\u00e7\u00e3o em todo o mundo. As suas palavras foram seguidas por uma apresenta\u00e7\u00e3o de um coro ucraniano, que usava vyshyvanka, as tradicionais camisas ucranianas bordadas, e do Royal Opera Chorus, com sede em Londres.<\/p>\n<p>O rei tem expressado frequentemente o seu <a href=\"https:\/\/www.publico.pt\/guerra-ucrania\" rel=\"nofollow noopener\" target=\"_blank\">apoio \u00e0 Ucr\u00e2nia<\/a> e, neste ano, recebeu o Presidente Volodymyr Zelenskiy no Castelo de Windsor tr\u00eas vezes, a visita mais recente foi em Outubro.<\/p>\n<p>                &#13;<br \/>\n                    &#13;<br \/>\n                    &#13;<br \/>\n                        A mensagem de Natal de Carlos&#13;<br \/>\nAaron Chown\/reuters                    &#13;<\/p>\n<p>Embora constitucionalmente obrigado a permanecer neutro, Carlos tem-se pronunciado repetidamente sobre crises globais, manifestando preocupa\u00e7\u00e3o com o conflito entre Israel e Gaza e expressando pesar ap\u00f3s a viol\u00eancia contra comunidades judaicas, incluindo um <a href=\"https:\/\/www.publico.pt\/2025\/10\/02\/mundo\/noticia\/quatro-feridos-incidente-junto-sinagoga-manchester-2149328\" rel=\"nofollow noopener\" target=\"_blank\">ataque a uma sinagoga<\/a> em Manchester e o tiroteio em <a href=\"https:\/\/www.publico.pt\/2025\/12\/14\/mundo\/noticia\/dez-feridos-tiroteio-praia-bondi-sydney-2158018\" rel=\"nofollow noopener\" target=\"_blank\">Bondi Beach<\/a>, em Sydney, neste m\u00eas.<\/p>\n<p>No discurso do dia de Natal \u2014 uma tradi\u00e7\u00e3o que remonta a 1932 \u2014 elogiou ainda os veteranos militares e os trabalhadores humanit\u00e1rios pela sua coragem na adversidade, dizendo que eles lhe deram esperan\u00e7a.<\/p>\n<p>Esperan\u00e7a essa que tamb\u00e9m ter\u00e1 encontrado no final deste annus horribilis ao anunciar que, depois de anos ap\u00f3s o diagn\u00f3stico de cancro, <a href=\"https:\/\/www.publico.pt\/2025\/12\/12\/impar\/noticia\/rei-carlos-iii-revela-reducao-tratamento-oncologico-diagnostico-precoce-salva-vidas-2157943\" rel=\"nofollow noopener\" target=\"_blank\">vai reduzir<\/a> os tratamentos no Ano Novo. Mas ainda h\u00e1 feridas a sarar, entre os Windsor, como a<a href=\"https:\/\/www.publico.pt\/2025\/09\/11\/impar\/noticia\/reconciliacao-vista-principe-harry-encontrase-pai-20-meses-2146779\" rel=\"nofollow noopener\" target=\"_blank\"> reconcilia\u00e7\u00e3o com o pr\u00edncipe Harry<\/a> \u2014 neste ano encontraram-se para tomar ch\u00e1 em Setembro, mas n\u00e3o h\u00e1 registo de que mantenham qualquer rela\u00e7\u00e3o.<\/p>\n","protected":false},"excerpt":{"rendered":"Num Natal onde o rei Carlos III pediu uni\u00e3o na diversidade, o monarca reflectiu a sua pr\u00f3pria mensagem&hellip;\n","protected":false},"author":2,"featured_media":203852,"comment_status":"","ping_status":"","sticky":false,"template":"","format":"standard","meta":{"footnotes":""},"categories":[85],"tags":[3608,114,115,709,708,665,714,542,712,32,33,713],"class_list":{"0":"post-203851","1":"post","2":"type-post","3":"status-publish","4":"format-standard","5":"has-post-thumbnail","7":"category-entretenimento","8":"tag-carlos-iii","9":"tag-entertainment","10":"tag-entretenimento","11":"tag-familia-real-britanica","12":"tag-impar","13":"tag-inglaterra","14":"tag-monarquia","15":"tag-para-redes","16":"tag-pessoas","17":"tag-portugal","18":"tag-pt","19":"tag-reino-unido"},"share_on_mastodon":{"url":"https:\/\/pubeurope.com\/@pt\/115788050798102716","error":""},"_links":{"self":[{"href":"https:\/\/www.europesays.com\/pt\/wp-json\/wp\/v2\/posts\/203851","targetHints":{"allow":["GET"]}}],"collection":[{"href":"https:\/\/www.europesays.com\/pt\/wp-json\/wp\/v2\/posts"}],"about":[{"href":"https:\/\/www.europesays.com\/pt\/wp-json\/wp\/v2\/types\/post"}],"author":[{"embeddable":true,"href":"https:\/\/www.europesays.com\/pt\/wp-json\/wp\/v2\/users\/2"}],"replies":[{"embeddable":true,"href":"https:\/\/www.europesays.com\/pt\/wp-json\/wp\/v2\/comments?post=203851"}],"version-history":[{"count":0,"href":"https:\/\/www.europesays.com\/pt\/wp-json\/wp\/v2\/posts\/203851\/revisions"}],"wp:featuredmedia":[{"embeddable":true,"href":"https:\/\/www.europesays.com\/pt\/wp-json\/wp\/v2\/media\/203852"}],"wp:attachment":[{"href":"https:\/\/www.europesays.com\/pt\/wp-json\/wp\/v2\/media?parent=203851"}],"wp:term":[{"taxonomy":"category","embeddable":true,"href":"https:\/\/www.europesays.com\/pt\/wp-json\/wp\/v2\/categories?post=203851"},{"taxonomy":"post_tag","embeddable":true,"href":"https:\/\/www.europesays.com\/pt\/wp-json\/wp\/v2\/tags?post=203851"}],"curies":[{"name":"wp","href":"https:\/\/api.w.org\/{rel}","templated":true}]}}