{"id":203855,"date":"2025-12-26T21:45:25","date_gmt":"2025-12-26T21:45:25","guid":{"rendered":"https:\/\/www.europesays.com\/pt\/203855\/"},"modified":"2025-12-26T21:45:25","modified_gmt":"2025-12-26T21:45:25","slug":"tres-mulheres-feridas-em-ataque-com-faca-no-metro-de-paris-observador","status":"publish","type":"post","link":"https:\/\/www.europesays.com\/pt\/203855\/","title":{"rendered":"Tr\u00eas mulheres feridas em ataque com faca no metro de Paris \u2013 Observador"},"content":{"rendered":"<p>Tr\u00eas mulheres ficaram feridas esta sexta-feira num ataque com faca no metro de Paris, em tr\u00eas esta\u00e7\u00f5es distintas, avan\u00e7ou a\u00a0RATP, a rede de transportes p\u00fablicos parisienses.<\/p>\n<p>De acordo com o <a href=\"https:\/\/www.leparisien.fr\/faits-divers\/paris-trois-femmes-poignardees-dans-le-metro-par-un-homme-26-12-2025-6SINKZU5ZNDAJNV5OBXLQJIMWE.php\" rel=\"nofollow noopener\" target=\"_blank\">Le Parisien<\/a>, os ataques tiveram lugar na linha 3, entre as 16h15 e as 16h45 (hora local), nas esta\u00e7\u00f5es\u00a0de\u00a0Arts-et-M\u00e9tiers,\u00a0R\u00e9publique\u00a0e\u00a0Op\u00e9ra. As tr\u00eas v\u00edtimas ficaram com ferimentos ligeiros, duas delas nas costas e pernas.<\/p>\n<p>Depois dos ataques, o suspeito fugiu pela linha 8 do metro e acabou por ser detido em casa. Segundo fontes policiais, \u00e9 um homem de 25 anos de origem maliana. A possibilidade de terrorismo foi descartada e autoridades suspeitam de \u201cestado mental fr\u00e1gil\u201d.<\/p>\n","protected":false},"excerpt":{"rendered":"Tr\u00eas mulheres ficaram feridas esta sexta-feira num ataque com faca no metro de Paris, em tr\u00eas esta\u00e7\u00f5es distintas,&hellip;\n","protected":false},"author":2,"featured_media":203856,"comment_status":"","ping_status":"","sticky":false,"template":"","format":"standard","meta":{"footnotes":""},"categories":[50],"tags":[27,28,445,15,16,2104,14,25,26,21,22,62,12,13,19,20,2458,23,24,17,18,29,30,31,63,64,65],"class_list":{"0":"post-203855","1":"post","2":"type-post","3":"status-publish","4":"format-standard","5":"has-post-thumbnail","7":"category-mundo","8":"tag-breaking-news","9":"tag-breakingnews","10":"tag-europa","11":"tag-featured-news","12":"tag-featurednews","13":"tag-franu00e7a","14":"tag-headlines","15":"tag-latest-news","16":"tag-latestnews","17":"tag-main-news","18":"tag-mainnews","19":"tag-mundo","20":"tag-news","21":"tag-noticias","22":"tag-noticias-principais","23":"tag-noticiasprincipais","24":"tag-paris","25":"tag-principais-noticias","26":"tag-principaisnoticias","27":"tag-top-stories","28":"tag-topstories","29":"tag-ultimas","30":"tag-ultimas-noticias","31":"tag-ultimasnoticias","32":"tag-world","33":"tag-world-news","34":"tag-worldnews"},"share_on_mastodon":{"url":"https:\/\/pubeurope.com\/@pt\/115788062657375275","error":""},"_links":{"self":[{"href":"https:\/\/www.europesays.com\/pt\/wp-json\/wp\/v2\/posts\/203855","targetHints":{"allow":["GET"]}}],"collection":[{"href":"https:\/\/www.europesays.com\/pt\/wp-json\/wp\/v2\/posts"}],"about":[{"href":"https:\/\/www.europesays.com\/pt\/wp-json\/wp\/v2\/types\/post"}],"author":[{"embeddable":true,"href":"https:\/\/www.europesays.com\/pt\/wp-json\/wp\/v2\/users\/2"}],"replies":[{"embeddable":true,"href":"https:\/\/www.europesays.com\/pt\/wp-json\/wp\/v2\/comments?post=203855"}],"version-history":[{"count":0,"href":"https:\/\/www.europesays.com\/pt\/wp-json\/wp\/v2\/posts\/203855\/revisions"}],"wp:featuredmedia":[{"embeddable":true,"href":"https:\/\/www.europesays.com\/pt\/wp-json\/wp\/v2\/media\/203856"}],"wp:attachment":[{"href":"https:\/\/www.europesays.com\/pt\/wp-json\/wp\/v2\/media?parent=203855"}],"wp:term":[{"taxonomy":"category","embeddable":true,"href":"https:\/\/www.europesays.com\/pt\/wp-json\/wp\/v2\/categories?post=203855"},{"taxonomy":"post_tag","embeddable":true,"href":"https:\/\/www.europesays.com\/pt\/wp-json\/wp\/v2\/tags?post=203855"}],"curies":[{"name":"wp","href":"https:\/\/api.w.org\/{rel}","templated":true}]}}