{"id":203857,"date":"2025-12-26T21:46:09","date_gmt":"2025-12-26T21:46:09","guid":{"rendered":"https:\/\/www.europesays.com\/pt\/203857\/"},"modified":"2025-12-26T21:46:09","modified_gmt":"2025-12-26T21:46:09","slug":"funeral-de-ricardo-talho-realiza-se-sabado-em-fafe","status":"publish","type":"post","link":"https:\/\/www.europesays.com\/pt\/203857\/","title":{"rendered":"Funeral de Ricardo &#8220;Talho&#8221; realiza-se s\u00e1bado em Fafe"},"content":{"rendered":"<p data-remotead-prev-elm=\"true\" data-remotead-elm-id=\"inread\">Jorge Ricardo Mota Pinto, de 36 anos, tratado carinhosamente como Ricardo &#8220;Talho&#8221;, era atleta do Grupo Cultural e Recreativo de Santa Maria, coletividade multifacetada, com forte atividade social, situada na freguesia de Ribeiros, em Fafe.<\/p>\n<p>O vel\u00f3rio acontece no s\u00e1bado, \u00e0s 10 horas, nas Capelas Mortu\u00e1rias de Fafe, com missa de corpo presente \u00e0s 14.30 horas, na Igreja Matriz de Fafe. O corpo segue depois para o Cremat\u00f3rio Central Vale do Ave, na freguesia de Avidos, Vila Nova de Famalic\u00e3o.<\/p>\n<p>Entretanto, a Associa\u00e7\u00e3o de Modalidades Amadoras de Fafe fez quest\u00e3o de destacar que Jorge Ricardo Mota Pinto, &#8220;al\u00e9m de um grande atleta, era um grande homem&#8221;, uma mensagem em tudo id\u00eantica \u00e0s das diversas coletividades de Fafe.<\/p>\n<p>Ricardo &#8220;Talho&#8221; seguia na Rua de Calvelos, no limite urbano do concelho, ao fim da tarde de quarta-feira, v\u00e9spera de Natal, quando bateu contra um muro, tendo sido desencarcerado pelos operacionais dos Bombeiros Volunt\u00e1rios de Fafe.<\/p>\n","protected":false},"excerpt":{"rendered":"Jorge Ricardo Mota Pinto, de 36 anos, tratado carinhosamente como Ricardo &#8220;Talho&#8221;, era atleta do Grupo Cultural e&hellip;\n","protected":false},"author":2,"featured_media":203858,"comment_status":"","ping_status":"","sticky":false,"template":"","format":"standard","meta":{"footnotes":""},"categories":[10],"tags":[27,28,25529,15,16,14,25,26,21,22,12,13,19,20,25367,32,23,24,33,17,18,29,30,31],"class_list":{"0":"post-203857","1":"post","2":"type-post","3":"status-publish","4":"format-standard","5":"has-post-thumbnail","7":"category-portugal","8":"tag-breaking-news","9":"tag-breakingnews","10":"tag-concelho-fafe","11":"tag-featured-news","12":"tag-featurednews","13":"tag-headlines","14":"tag-latest-news","15":"tag-latestnews","16":"tag-main-news","17":"tag-mainnews","18":"tag-news","19":"tag-noticias","20":"tag-noticias-principais","21":"tag-noticiasprincipais","22":"tag-obitos","23":"tag-portugal","24":"tag-principais-noticias","25":"tag-principaisnoticias","26":"tag-pt","27":"tag-top-stories","28":"tag-topstories","29":"tag-ultimas","30":"tag-ultimas-noticias","31":"tag-ultimasnoticias"},"share_on_mastodon":{"url":"https:\/\/pubeurope.com\/@pt\/115788066629573396","error":""},"_links":{"self":[{"href":"https:\/\/www.europesays.com\/pt\/wp-json\/wp\/v2\/posts\/203857","targetHints":{"allow":["GET"]}}],"collection":[{"href":"https:\/\/www.europesays.com\/pt\/wp-json\/wp\/v2\/posts"}],"about":[{"href":"https:\/\/www.europesays.com\/pt\/wp-json\/wp\/v2\/types\/post"}],"author":[{"embeddable":true,"href":"https:\/\/www.europesays.com\/pt\/wp-json\/wp\/v2\/users\/2"}],"replies":[{"embeddable":true,"href":"https:\/\/www.europesays.com\/pt\/wp-json\/wp\/v2\/comments?post=203857"}],"version-history":[{"count":0,"href":"https:\/\/www.europesays.com\/pt\/wp-json\/wp\/v2\/posts\/203857\/revisions"}],"wp:featuredmedia":[{"embeddable":true,"href":"https:\/\/www.europesays.com\/pt\/wp-json\/wp\/v2\/media\/203858"}],"wp:attachment":[{"href":"https:\/\/www.europesays.com\/pt\/wp-json\/wp\/v2\/media?parent=203857"}],"wp:term":[{"taxonomy":"category","embeddable":true,"href":"https:\/\/www.europesays.com\/pt\/wp-json\/wp\/v2\/categories?post=203857"},{"taxonomy":"post_tag","embeddable":true,"href":"https:\/\/www.europesays.com\/pt\/wp-json\/wp\/v2\/tags?post=203857"}],"curies":[{"name":"wp","href":"https:\/\/api.w.org\/{rel}","templated":true}]}}