{"id":203873,"date":"2025-12-26T21:57:32","date_gmt":"2025-12-26T21:57:32","guid":{"rendered":"https:\/\/www.europesays.com\/pt\/203873\/"},"modified":"2025-12-26T21:57:32","modified_gmt":"2025-12-26T21:57:32","slug":"temos-dois-go-pods-anc-para-oferecer","status":"publish","type":"post","link":"https:\/\/www.europesays.com\/pt\/203873\/","title":{"rendered":"temos dois Go Pods ANC para oferecer"},"content":{"rendered":"<p>O Natal j\u00e1 passou, mas o esp\u00edrito da quadra ainda paira no ar, com muitas pessoas ainda de f\u00e9rias, a aproveitar os \u00faltimos dias do ano. Assim sendo, temos para oferecer dois Go Pods ANC, com bateria para todo o dia e cancelamento de ru\u00eddo ativo.<\/p>\n<p><a target=\"_blank\" href=\"https:\/\/pplware.sapo.pt\/wp-content\/uploads\/2025\/12\/jlab_gopods_passatempo_capa.png\" onclick=\"refreshIframe()\" class=\"foobox\" rel=\"nofollow noopener\"><img fetchpriority=\"high\" decoding=\"async\" src=\"https:\/\/www.europesays.com\/pt\/wp-content\/uploads\/2025\/12\/jlab_gopods_passatempo_capa-720x405.png\" alt=\"\" width=\"720\" height=\"405\" class=\"aligncenter size-medium wp-image-1095275\"  \/><\/a>\n<\/p>\n<p>Lan\u00e7ados em 2025, os JLab Go Pods ANC destacam-se por oferecer tecnologias premium a um pre\u00e7o muito competitivo. Estamos a oferecer uns na vers\u00e3o em preto e outros na vers\u00e3o em verde escuro.<\/p>\n<p>Al\u00e9m do Cancelamento de Ru\u00eddo H\u00edbrido (ANC), os auriculares incluem o modo Be Aware, que permite ouvir o que se passa \u00e0 volta e \u00e9 ideal para andar na estrada ou trabalhar no escrit\u00f3rio.<\/p>\n<p>Est\u00e3o equipados com Bluetooth Multipoint, que permite estar conectado a dois dispositivos em simult\u00e2neo, como smartphone e PC, bem como alternar o som entre eles automaticamente.<\/p>\n<p>O Google Fast Pair facilita o emparelhamento instant\u00e2neo com dispositivos Android, e a aplica\u00e7\u00e3o da JLab permite ajustar o equalizador (EQ), personalizar os controlos t\u00e1teis e atualizar o firmware.<\/p>\n<p><a target=\"_blank\" href=\"https:\/\/pplware.sapo.pt\/wp-content\/uploads\/2025\/12\/jlab_gopods.jpg\" onclick=\"refreshIframe()\" class=\"foobox\" rel=\"nofollow noopener\"><img loading=\"lazy\" decoding=\"async\" src=\"https:\/\/www.europesays.com\/pt\/wp-content\/uploads\/2025\/12\/jlab_gopods-720x405.jpg\" alt=\"\" width=\"720\" height=\"405\" class=\"aligncenter size-medium wp-image-1095278\"  \/><\/a><\/p>\n<p>Com cerca de 7,5 horas de autonomia prometida (ou cinco horas com o ANC) e um total de 26 horas com a caixa de carregamento (ou 18 horas com o ANC), n\u00e3o precisa de levar um cabo extra, pois a caixa de carregamento possui o cabo USB-C integrado.<\/p>\n<p>Al\u00e9m de serem resistentes a suor, chuva leve e p\u00f3, gra\u00e7as \u00e0 certifica\u00e7\u00e3o IP55, sendo adequados para desporto, o formato em &#8220;haste&#8221; pode ser ideal para muitos utilizadores, uma vez que costuma ajudar na clareza das chamadas.<\/p>\n<p>Requisitos e Regras de participa\u00e7\u00e3o<\/p>\n<p><strong>Requisitos: <\/strong><\/p>\n<p><strong>1 &#8211;\u00a0<\/strong>Seguir a conta da JLab no Instagram.<\/p>\n<p><strong>2 &#8211; <\/strong>Subscrever a newsletter do Pplware.<\/p>\n<p><strong>3 &#8211; <\/strong>Responder \u00e0 seguinte quest\u00e3o: Que banda ou artista vai ouvir em loop com estes Go Pods ANC?<\/p>\n<p>Nota: A resposta dever\u00e1 ser deixada na sec\u00e7\u00e3o de coment\u00e1rios do presente artigo.<\/p>\n<p><strong>Regras:<\/strong><\/p>\n<p>O passatempo tem in\u00edcio dia 26 \u00e0s 12h e termina no dia 31 \u00e0s 23h59.<\/p>\n<p>O vencedor ser\u00e1 selecionado de forma aleat\u00f3ria atrav\u00e9s da plataforma de submiss\u00e3o das participa\u00e7\u00f5es, e ser\u00e1 contactado via e-mail pela equipa do Pplware, bem como anunciado na <a target=\"_blank\" href=\"https:\/\/pplware.sapo.pt\/newsletterpplware\/\" rel=\"nofollow noopener\">newsletter di\u00e1ria<\/a>.<\/p>\n<p><a target=\"_blank\" class=\"e-widget no-button\" href=\"https:\/\/gleam.io\/NWvKY\/passatempo-de-natal-go-pods-anc\" rel=\"nofollow noopener\"><br \/>\nPassatempo de Natal: Go Pods ANC<br \/>\n<\/a><\/p>\n","protected":false},"excerpt":{"rendered":"O Natal j\u00e1 passou, mas o esp\u00edrito da quadra ainda paira no ar, com muitas pessoas ainda de&hellip;\n","protected":false},"author":2,"featured_media":203874,"comment_status":"","ping_status":"","sticky":false,"template":"","format":"standard","meta":{"footnotes":""},"categories":[84],"tags":[40428,109,107,108,40429,40430,31850,32,33,105,103,104,106,110],"class_list":{"0":"post-203873","1":"post","2":"type-post","3":"status-publish","4":"format-standard","5":"has-post-thumbnail","7":"category-ciencia-e-tecnologia","8":"tag-auriculares","9":"tag-ciencia","10":"tag-ciencia-e-tecnologia","11":"tag-cienciaetecnologia","12":"tag-go-pods-anc","13":"tag-jlab","14":"tag-passatempos","15":"tag-portugal","16":"tag-pt","17":"tag-science","18":"tag-science-and-technology","19":"tag-scienceandtechnology","20":"tag-technology","21":"tag-tecnologia"},"share_on_mastodon":{"url":"https:\/\/pubeurope.com\/@pt\/115788110059798446","error":""},"_links":{"self":[{"href":"https:\/\/www.europesays.com\/pt\/wp-json\/wp\/v2\/posts\/203873","targetHints":{"allow":["GET"]}}],"collection":[{"href":"https:\/\/www.europesays.com\/pt\/wp-json\/wp\/v2\/posts"}],"about":[{"href":"https:\/\/www.europesays.com\/pt\/wp-json\/wp\/v2\/types\/post"}],"author":[{"embeddable":true,"href":"https:\/\/www.europesays.com\/pt\/wp-json\/wp\/v2\/users\/2"}],"replies":[{"embeddable":true,"href":"https:\/\/www.europesays.com\/pt\/wp-json\/wp\/v2\/comments?post=203873"}],"version-history":[{"count":0,"href":"https:\/\/www.europesays.com\/pt\/wp-json\/wp\/v2\/posts\/203873\/revisions"}],"wp:featuredmedia":[{"embeddable":true,"href":"https:\/\/www.europesays.com\/pt\/wp-json\/wp\/v2\/media\/203874"}],"wp:attachment":[{"href":"https:\/\/www.europesays.com\/pt\/wp-json\/wp\/v2\/media?parent=203873"}],"wp:term":[{"taxonomy":"category","embeddable":true,"href":"https:\/\/www.europesays.com\/pt\/wp-json\/wp\/v2\/categories?post=203873"},{"taxonomy":"post_tag","embeddable":true,"href":"https:\/\/www.europesays.com\/pt\/wp-json\/wp\/v2\/tags?post=203873"}],"curies":[{"name":"wp","href":"https:\/\/api.w.org\/{rel}","templated":true}]}}