{"id":203904,"date":"2025-12-26T22:23:10","date_gmt":"2025-12-26T22:23:10","guid":{"rendered":"https:\/\/www.europesays.com\/pt\/203904\/"},"modified":"2025-12-26T22:23:10","modified_gmt":"2025-12-26T22:23:10","slug":"presente-provocador-marisa-susana-enche-presente-do-pedro-de-perfume-vais-dormir-no-sofa-secret-story","status":"publish","type":"post","link":"https:\/\/www.europesays.com\/pt\/203904\/","title":{"rendered":"Presente provocador. Marisa Susana enche presente do Pedro de perfume: \u00abVais dormir no sof\u00e1\u00bb &#8211; Secret Story"},"content":{"rendered":"<p>No Secret Story, Pedro recebeu um presente de Marisa Susana e a ex concorrente decidiu perfum\u00e1-lo. Ao reparar nisto, Liliana n\u00e3o hesitou em provocar Marisa. Veja o v\u00eddeo.<\/p>\n<p><strong>Vote para salvar o seu concorrente preferido. E pode faz\u00ea-lo quer atrav\u00e9s das linhas telef\u00f3nicas, quer atrav\u00e9s da APP do TVI reality:\u00a0<\/strong><\/p>\n<p>Pedro &#8211; 761 20 20 18<br \/>Leandro &#8211; 761 20 20 12<br \/>In\u00eas &#8211; 761 20 20 10<\/p>\n<p><a href=\"https:\/\/tvi.iol.pt\/secretstory\/aominuto\" wbo-id=\"32\" rel=\"nofollow noopener\" target=\"_blank\">Veja aqui tudo o que se passa na casa do Secret Story 9!<\/a><\/p>\n","protected":false},"excerpt":{"rendered":"No Secret Story, Pedro recebeu um presente de Marisa Susana e a ex concorrente decidiu perfum\u00e1-lo. Ao reparar&hellip;\n","protected":false},"author":2,"featured_media":203905,"comment_status":"","ping_status":"","sticky":false,"template":"","format":"standard","meta":{"footnotes":""},"categories":[142],"tags":[114,115,19184,18800,14646,32,33,151,162,18801],"class_list":{"0":"post-203904","1":"post","2":"type-post","3":"status-publish","4":"format-standard","5":"has-post-thumbnail","7":"category-tv","8":"tag-entertainment","9":"tag-entretenimento","10":"tag-marisa","11":"tag-momentos-virais-secret-story","12":"tag-pedro","13":"tag-portugal","14":"tag-pt","15":"tag-tv","16":"tag-tvi","17":"tag-videos-virais-concorrentes"},"share_on_mastodon":{"url":"https:\/\/pubeurope.com\/@pt\/115788212023144952","error":""},"_links":{"self":[{"href":"https:\/\/www.europesays.com\/pt\/wp-json\/wp\/v2\/posts\/203904","targetHints":{"allow":["GET"]}}],"collection":[{"href":"https:\/\/www.europesays.com\/pt\/wp-json\/wp\/v2\/posts"}],"about":[{"href":"https:\/\/www.europesays.com\/pt\/wp-json\/wp\/v2\/types\/post"}],"author":[{"embeddable":true,"href":"https:\/\/www.europesays.com\/pt\/wp-json\/wp\/v2\/users\/2"}],"replies":[{"embeddable":true,"href":"https:\/\/www.europesays.com\/pt\/wp-json\/wp\/v2\/comments?post=203904"}],"version-history":[{"count":0,"href":"https:\/\/www.europesays.com\/pt\/wp-json\/wp\/v2\/posts\/203904\/revisions"}],"wp:featuredmedia":[{"embeddable":true,"href":"https:\/\/www.europesays.com\/pt\/wp-json\/wp\/v2\/media\/203905"}],"wp:attachment":[{"href":"https:\/\/www.europesays.com\/pt\/wp-json\/wp\/v2\/media?parent=203904"}],"wp:term":[{"taxonomy":"category","embeddable":true,"href":"https:\/\/www.europesays.com\/pt\/wp-json\/wp\/v2\/categories?post=203904"},{"taxonomy":"post_tag","embeddable":true,"href":"https:\/\/www.europesays.com\/pt\/wp-json\/wp\/v2\/tags?post=203904"}],"curies":[{"name":"wp","href":"https:\/\/api.w.org\/{rel}","templated":true}]}}