{"id":203918,"date":"2025-12-26T22:31:09","date_gmt":"2025-12-26T22:31:09","guid":{"rendered":"https:\/\/www.europesays.com\/pt\/203918\/"},"modified":"2025-12-26T22:31:09","modified_gmt":"2025-12-26T22:31:09","slug":"kim-jong-un-aparece-cada-vez-mais-ao-lado-da-filha-kim-ju-ae-ha-quem-diga-que-esta-a-preparar-a-sua-sucessora","status":"publish","type":"post","link":"https:\/\/www.europesays.com\/pt\/203918\/","title":{"rendered":"Kim Jong Un aparece cada vez mais ao lado da filha Kim Ju-ae: h\u00e1 quem diga que est\u00e1 a preparar a sua sucessora"},"content":{"rendered":"<p>\t                L\u00edder da Coreia do Norte levou a filha adolescente \u00e0 inaugura\u00e7\u00e3o de um hotel. Estiveram sempre lado a lado<\/p>\n<p>O l\u00edder norte-coreano, Kim Jong-un, assistiu \u00e0 cerim\u00f3nia de inaugura\u00e7\u00e3o de um hotel na zona tur\u00edstica de Samjiyon, perto do Monte Paektu, com a sua filha Kim Ju-ae.\u00a0Alguns analistas <a href=\"https:\/\/cnnportugal.iol.pt\/seul\/servicos-secretos\/servicos-secretos-de-seul-consideram-filha-de-kim-jong-un-sucessora-mais-provavel\/20240104\/6596643cd34e65afa2f94719\" target=\"_blank\" rel=\"nofollow noopener\">consideram <\/a>que a filha adolescente de Kim est\u00e1 na linha da frente para se tornar a pr\u00f3xima l\u00edder do pa\u00eds e que estas suas <a href=\"https:\/\/cnnportugal.iol.pt\/coreia-do-norte\/filha\/filha-de-kim-jong-un-aparece-pela-primeira-vez-em-publico\/20221119\/637890f70cf2254fb2830073\" target=\"_blank\" rel=\"nofollow noopener\">apari\u00e7\u00f5es <\/a>em atos oficiais, ao lado do pai, s\u00e3o uma forma de ele a introduzir nas fun\u00e7\u00f5es e, ao mesmo tempo, apresent\u00e1-la \u00e0 popula\u00e7\u00e3o.<\/p>\n<p>Ju-ae foi vista a viajar no ve\u00edculo estatal Aurus de Kim e a caminhar ao lado do pai no local do evento, por vezes de m\u00e3os dadas ou com Kim Jong-un a colocar uma m\u00e3o no seu ombro &#8211; gestos interpretados como uma demonstra\u00e7\u00e3o deliberada de proximidade entre pai e filha.<\/p>\n<p><a href=\"https:\/\/cnnportugal.iol.pt\/coreia-do-norte\/kim-jong-un\/ha-varias-teorias-sobre-por-que-razao-kim-jong-un-apresentou-agora-a-sua-filha-ao-mundo\/20221121\/637b41f00cf255d6e13b8ead\" target=\"_blank\" rel=\"nofollow noopener\">Pouco se sabe sobre Kim Ju-ae<\/a>, que dever\u00e1 ter 12 ou 13 anos. A agenda p\u00fablica de Kim Ju-ae tornou-se mais ativa nos \u00faltimos meses. Ap\u00f3s a visita de Kim Jong-un \u00e0 China em setembro, a jovem apareceu num evento que assinalou o 80.\u00ba anivers\u00e1rio da For\u00e7a A\u00e9rea do pa\u00eds em 28 de novembro e, desde ent\u00e3o, acompanhou o pai a tr\u00eas cerim\u00f3nias de inaugura\u00e7\u00e3o de f\u00e1bricas e hot\u00e9is em prov\u00edncias s\u00f3 este m\u00eas. O jornal\u00a0<a href=\"https:\/\/koreajoongangdaily.joins.com\/news\/2025-12-24\/national\/northKorea\/Is-she-North-Koreas-next-heir-Kim-Juaes-increasing-exposure-suggests-so\/2485700\" target=\"_blank\" rel=\"nofollow noopener\">Korea JoongAng Daily<\/a> conclui que ela\u00a0est\u00e1 agora a funcionar como uma \u201cassistente principal\u201d do presidente.<\/p>\n<p>A sua indument\u00e1ria &#8211; incluindo saltos altos e um casaco de pele com acabamento em pele &#8211; foi tamb\u00e9m vista como projetando uma imagem mais madura do que em anteriores apari\u00e7\u00f5es.\u00a0Em contraste, a mulher de Kim Jong-un, Ri Sol-ju, apesar de ter participado no evento, pareceu permanecer relativamente em segundo plano.<\/p>\n<p>  <img loading=\"lazy\" decoding=\"async\" alt=\"\" height=\"338\" src=\"https:\/\/www.europesays.com\/pt\/wp-content\/uploads\/2025\/12\/1766788269_44_600.webp\" width=\"600\"\/> <\/p>\n<p>    Kim Jong-un e a sua filha, Kim Ju-ae, na inaugura\u00e7\u00e3o do hotel \u00a0em Samjiyon, a nordeste de Pyongyang, Coreia do Norte, s\u00e1bado, 20 de dezembro de 2025 (Korean Central News Agency\/Korea News Service via AP) <\/p>\n<p>Lim Eul-chul, professor do Instituto de Estudos do Extremo Oriente da Universidade de Kyungnam, afirmou ao jornal que as apari\u00e7\u00f5es proeminentes de Kim Ju-ae numa altura em que as realiza\u00e7\u00f5es econ\u00f3micas est\u00e3o a ser destacadas refor\u00e7am uma narrativa de lideran\u00e7a centrada na \u201clinhagem Paektu\u201d &#8211; a dinastia governante norte-coreana. \u201cAo colocar Kim Ju-ae no centro das aten\u00e7\u00f5es no momento em que as realiza\u00e7\u00f5es do Estado est\u00e3o a ser analisadas, o regime est\u00e1 a refor\u00e7ar uma narrativa segundo a qual todas as realiza\u00e7\u00f5es fluem de Kim Jong-un para Kim Ju-ae\u201d, afirmou o professor. \u201dOs movimentos recentes sugerem que ela est\u00e1 a ser posicionada n\u00e3o apenas como filha de um l\u00edder, mas como uma figura da pr\u00f3xima gera\u00e7\u00e3o que se prepara para supervisionar os assuntos do Estado.&#8221;<br \/>\u00a0<br \/>Lim acrescentou que a possibilidade de Kim Ju-ae ser nomeada para um cargo oficial no pr\u00f3ximo nono congresso do partido \u201cn\u00e3o pode ser exclu\u00edda\u201d.<\/p>\n","protected":false},"excerpt":{"rendered":"L\u00edder da Coreia do Norte levou a filha adolescente \u00e0 inaugura\u00e7\u00e3o de um hotel. Estiveram sempre lado a&hellip;\n","protected":false},"author":2,"featured_media":203919,"comment_status":"","ping_status":"","sticky":false,"template":"","format":"standard","meta":{"footnotes":""},"categories":[50],"tags":[609,836,611,27,28,607,608,333,3459,832,604,135,610,476,15,16,301,830,14,603,40435,3899,25,26,570,21,22,831,833,62,834,12,13,19,20,835,602,52,32,23,24,17,18,29,30,31,63,64,65],"class_list":{"0":"post-203918","1":"post","2":"type-post","3":"status-publish","4":"format-standard","5":"has-post-thumbnail","7":"category-mundo","8":"tag-alerta","9":"tag-analise","10":"tag-ao-minuto","11":"tag-breaking-news","12":"tag-breakingnews","13":"tag-cnn","14":"tag-cnn-portugal","15":"tag-comentadores","16":"tag-coreia-do-norte","17":"tag-costa","18":"tag-crime","19":"tag-desporto","20":"tag-direto","21":"tag-economia","22":"tag-featured-news","23":"tag-featurednews","24":"tag-governo","25":"tag-guerra","26":"tag-headlines","27":"tag-justica","28":"tag-kim-ju-ae","29":"tag-kim-jong-un","30":"tag-latest-news","31":"tag-latestnews","32":"tag-live","33":"tag-main-news","34":"tag-mainnews","35":"tag-mais-vistas","36":"tag-marcelo","37":"tag-mundo","38":"tag-negocios","39":"tag-news","40":"tag-noticias","41":"tag-noticias-principais","42":"tag-noticiasprincipais","43":"tag-opiniao","44":"tag-pais","45":"tag-politica","46":"tag-portugal","47":"tag-principais-noticias","48":"tag-principaisnoticias","49":"tag-top-stories","50":"tag-topstories","51":"tag-ultimas","52":"tag-ultimas-noticias","53":"tag-ultimasnoticias","54":"tag-world","55":"tag-world-news","56":"tag-worldnews"},"share_on_mastodon":{"url":"","error":"Validation failed: Text character limit of 500 exceeded"},"_links":{"self":[{"href":"https:\/\/www.europesays.com\/pt\/wp-json\/wp\/v2\/posts\/203918","targetHints":{"allow":["GET"]}}],"collection":[{"href":"https:\/\/www.europesays.com\/pt\/wp-json\/wp\/v2\/posts"}],"about":[{"href":"https:\/\/www.europesays.com\/pt\/wp-json\/wp\/v2\/types\/post"}],"author":[{"embeddable":true,"href":"https:\/\/www.europesays.com\/pt\/wp-json\/wp\/v2\/users\/2"}],"replies":[{"embeddable":true,"href":"https:\/\/www.europesays.com\/pt\/wp-json\/wp\/v2\/comments?post=203918"}],"version-history":[{"count":0,"href":"https:\/\/www.europesays.com\/pt\/wp-json\/wp\/v2\/posts\/203918\/revisions"}],"wp:featuredmedia":[{"embeddable":true,"href":"https:\/\/www.europesays.com\/pt\/wp-json\/wp\/v2\/media\/203919"}],"wp:attachment":[{"href":"https:\/\/www.europesays.com\/pt\/wp-json\/wp\/v2\/media?parent=203918"}],"wp:term":[{"taxonomy":"category","embeddable":true,"href":"https:\/\/www.europesays.com\/pt\/wp-json\/wp\/v2\/categories?post=203918"},{"taxonomy":"post_tag","embeddable":true,"href":"https:\/\/www.europesays.com\/pt\/wp-json\/wp\/v2\/tags?post=203918"}],"curies":[{"name":"wp","href":"https:\/\/api.w.org\/{rel}","templated":true}]}}