{"id":203923,"date":"2025-12-26T22:34:09","date_gmt":"2025-12-26T22:34:09","guid":{"rendered":"https:\/\/www.europesays.com\/pt\/203923\/"},"modified":"2025-12-26T22:34:09","modified_gmt":"2025-12-26T22:34:09","slug":"ana-guiomar-partilha-novidade-chegou-ontem-no-tempo-certo-de-chegar","status":"publish","type":"post","link":"https:\/\/www.europesays.com\/pt\/203923\/","title":{"rendered":"Ana Guiomar partilha novidade: &#8220;Chegou ontem, no tempo certo de chegar&#8221;"},"content":{"rendered":"<p><a href=\"https:\/\/selfie.iol.pt\/famosos\/rubinho-correia\/ana-guiomar-feliz-com-pessoa-conhecida-a-minha-historia-de-amor-es-tu\/20251220\/6946fec7d34e3caad84ca3c8\" target=\"_blank\" rel=\"nofollow noopener\">Ana Guiomar<\/a>\u00a0recebeu uma cadela chihuahua no Natal. Nas redes sociais, a atriz revelou que se tratava de um desejo com &#8220;um ano e meio&#8221;.<\/p>\n<p>&#8220;Conto de Natal. Era uma vez uma menina chamada Ana Guiomar, que, h\u00e1 um ano e meio, andava a namorar estas coisas miniaturas. Namorava, namorava e namorava p\u00e1ginas de Instagram sem fim. Via fotos, via fotos. S\u00f3 sabia que queria que fosse Em\u00edlio ou uma Em\u00edlia&#8221;, come\u00e7ou por escreverz, na legenda da publica\u00e7\u00e3o que fez.<\/p>\n<p>&#8220;O meu irm\u00e3o estava a organizar tudo desde setembro! A Em\u00edlia chegou ontem, no tempo certo de chegar&#8221;, rematou Ana Guiomar, fazendo refer\u00eancia ao dia da Consoada.<\/p>\n<p>Veja, agora, a fotografia.<\/p>\n<p style=\"text-align:center\"><img loading=\"lazy\" decoding=\"async\" alt=\"\" height=\"545\" src=\"https:\/\/www.europesays.com\/pt\/wp-content\/uploads\/2025\/12\/694ebca4d34e2bd5c6d588ff.webp\" width=\"409\"\/><\/p>\n<p>\u00a0<\/p>\n","protected":false},"excerpt":{"rendered":"Ana Guiomar\u00a0recebeu uma cadela chihuahua no Natal. Nas redes sociais, a atriz revelou que se tratava de um&hellip;\n","protected":false},"author":2,"featured_media":203924,"comment_status":"","ping_status":"","sticky":false,"template":"","format":"standard","meta":{"footnotes":""},"categories":[145],"tags":[160,813,40436,211,210,114,115,980,619,4546,32,33,548,1012,162],"class_list":{"0":"post-203923","1":"post","2":"type-post","3":"status-publish","4":"format-standard","5":"has-post-thumbnail","7":"category-celebridades","8":"tag-ana-guiomar","9":"tag-atriz","10":"tag-cadela","11":"tag-celebridades","12":"tag-celebrities","13":"tag-entertainment","14":"tag-entretenimento","15":"tag-famosos","16":"tag-nacional","17":"tag-novelas-tvi","18":"tag-portugal","19":"tag-pt","20":"tag-redes-sociais","21":"tag-selfie","22":"tag-tvi"},"share_on_mastodon":{"url":"","error":""},"_links":{"self":[{"href":"https:\/\/www.europesays.com\/pt\/wp-json\/wp\/v2\/posts\/203923","targetHints":{"allow":["GET"]}}],"collection":[{"href":"https:\/\/www.europesays.com\/pt\/wp-json\/wp\/v2\/posts"}],"about":[{"href":"https:\/\/www.europesays.com\/pt\/wp-json\/wp\/v2\/types\/post"}],"author":[{"embeddable":true,"href":"https:\/\/www.europesays.com\/pt\/wp-json\/wp\/v2\/users\/2"}],"replies":[{"embeddable":true,"href":"https:\/\/www.europesays.com\/pt\/wp-json\/wp\/v2\/comments?post=203923"}],"version-history":[{"count":0,"href":"https:\/\/www.europesays.com\/pt\/wp-json\/wp\/v2\/posts\/203923\/revisions"}],"wp:featuredmedia":[{"embeddable":true,"href":"https:\/\/www.europesays.com\/pt\/wp-json\/wp\/v2\/media\/203924"}],"wp:attachment":[{"href":"https:\/\/www.europesays.com\/pt\/wp-json\/wp\/v2\/media?parent=203923"}],"wp:term":[{"taxonomy":"category","embeddable":true,"href":"https:\/\/www.europesays.com\/pt\/wp-json\/wp\/v2\/categories?post=203923"},{"taxonomy":"post_tag","embeddable":true,"href":"https:\/\/www.europesays.com\/pt\/wp-json\/wp\/v2\/tags?post=203923"}],"curies":[{"name":"wp","href":"https:\/\/api.w.org\/{rel}","templated":true}]}}