{"id":203925,"date":"2025-12-26T22:37:09","date_gmt":"2025-12-26T22:37:09","guid":{"rendered":"https:\/\/www.europesays.com\/pt\/203925\/"},"modified":"2025-12-26T22:37:09","modified_gmt":"2025-12-26T22:37:09","slug":"apos-pedir-solange-tavares-em-casamento-nelson-fernandes-revela-detalhe-importante-sobre-a-cerimonia-secret-story","status":"publish","type":"post","link":"https:\/\/www.europesays.com\/pt\/203925\/","title":{"rendered":"Ap\u00f3s pedir Solange Tavares em casamento, Nelson Fernandes revela detalhe importante sobre a cerim\u00f3nia &#8211; Secret Story"},"content":{"rendered":"<p><a href=\"https:\/\/tvi.iol.pt\/secretstory\/solange-tavares\/nelson-pereira\/quatro-meses-apos-assumir-namoro-esta-ex-concorrente-e-pedida-em-casamento-as-imagens-aqui\" rel=\"nofollow noopener\" target=\"_blank\"><strong>Solange Tavares e Nelson Fernandes<\/strong> est\u00e3o noivos<\/a>! O personal trainer decidiu pedir a namorada em casamento na V\u00e9spera de Natal, ap\u00f3s quatro meses de rela\u00e7\u00e3o, e, agora, j\u00e1 se sabem pormenores sobre a cerim\u00f3nia que v\u00e3o preparar.<\/p>\n<p>\u00ab<strong>O casamento est\u00e1 planeado para 2027<\/strong>, porque, agora, estamos mais concentrados na abertura do sal\u00e3o dela, no meu gin\u00e1sio, que est\u00e1 a passar por uma remodela\u00e7\u00e3o. <strong>Estamos focados na estabilidade para o nosso futuro, para termos filhos<\/strong> (ela, pelo menos, quer tr\u00eas)\u00bb,<a href=\"https:\/\/tvi.iol.pt\/secretstory\/solange-tavares\/nelson-fernandes\/apos-assumir-namoro-com-nelson-fernandes-solange-tavares-deixa-fas-em-extase-com-novidade-este-sonho-e-nosso\" rel=\"nofollow noopener\" target=\"_blank\"> revelou Nelson Fernandes,<\/a> em declara\u00e7\u00f5es \u00e0 Selfie.\u00a0<\/p>\n<p>Os dois ex-concorrentes do Big Brother assumiram o namoro em agosto deste ano e agora d\u00e3o o pr\u00f3ximo passo na rela\u00e7\u00e3o com um pedido de casamento muito emocionante.\u00a0<\/p>\n<p>\u00a0<\/p>\n<p>Nas redes sociais,<a href=\"https:\/\/tvi.iol.pt\/secretstory\/solange-tavares\/nelson-fernandes\/novo-passo-na-relacao-solange-tavares-e-nelson-fernandes-anunciam-ja-somos-uma-familia\" rel=\"nofollow noopener\" target=\"_blank\"> Solange Tavares partilhou o v\u00eddeo do momento e mostrou-se radiante:<\/a> \u00abDisse SIM ao amor da minha vida. Fui apanhada completamente de surpresa, com o cora\u00e7\u00e3o a transbordar e o tempo a parar. Esse homem \u00e9, sem qualquer d\u00favida, a minha alma g\u00e9mea &#8211; o amor da minha vida\u00bb, escreveu.\u00a0<\/p>\n<p>\u00abHoje sei que nunca foi uma quest\u00e3o de tempo, mas sim de clareza. Porque quando \u00e9 real, n\u00e3o h\u00e1 hesita\u00e7\u00f5es. Tudo aquilo com que sempre sonhei &#8211; construir a minha fam\u00edlia, o meu lugar seguro &#8211; est\u00e1 finalmente a come\u00e7ar. E ontem, numa das noites mais especiais do ano, fui pedida em casamento!\u00bb, acrescentou.\u00a0<\/p>\n<p>Para rematar, Solange Tavares sublinhou: <strong>\u00abI SAID YEEEEEEEEEES! \ud83d\udc70\u200d\u2640\ufe0f\ud83e\udd35\u200d\u2642\ufe0f\ud83d\udc92\ud83e\udd0d Amo-te eternamente\u00bb.\u00a0<\/strong><\/p>\n","protected":false},"excerpt":{"rendered":"Solange Tavares e Nelson Fernandes est\u00e3o noivos! O personal trainer decidiu pedir a namorada em casamento na V\u00e9spera&hellip;\n","protected":false},"author":2,"featured_media":203926,"comment_status":"","ping_status":"","sticky":false,"template":"","format":"standard","meta":{"footnotes":""},"categories":[142],"tags":[18706,114,115,18705,6758,32,33,6759,151,18704],"class_list":{"0":"post-203925","1":"post","2":"type-post","3":"status-publish","4":"format-standard","5":"has-post-thumbnail","7":"category-tv","8":"tag-bastidores-secret-story","9":"tag-entertainment","10":"tag-entretenimento","11":"tag-entrevistas-concorrentes-tvi","12":"tag-nelson-fernandes","13":"tag-portugal","14":"tag-pt","15":"tag-solange-tavares","16":"tag-tv","17":"tag-vida-fora-da-casa"},"share_on_mastodon":{"url":"https:\/\/pubeurope.com\/@pt\/115788267061856724","error":""},"_links":{"self":[{"href":"https:\/\/www.europesays.com\/pt\/wp-json\/wp\/v2\/posts\/203925","targetHints":{"allow":["GET"]}}],"collection":[{"href":"https:\/\/www.europesays.com\/pt\/wp-json\/wp\/v2\/posts"}],"about":[{"href":"https:\/\/www.europesays.com\/pt\/wp-json\/wp\/v2\/types\/post"}],"author":[{"embeddable":true,"href":"https:\/\/www.europesays.com\/pt\/wp-json\/wp\/v2\/users\/2"}],"replies":[{"embeddable":true,"href":"https:\/\/www.europesays.com\/pt\/wp-json\/wp\/v2\/comments?post=203925"}],"version-history":[{"count":0,"href":"https:\/\/www.europesays.com\/pt\/wp-json\/wp\/v2\/posts\/203925\/revisions"}],"wp:featuredmedia":[{"embeddable":true,"href":"https:\/\/www.europesays.com\/pt\/wp-json\/wp\/v2\/media\/203926"}],"wp:attachment":[{"href":"https:\/\/www.europesays.com\/pt\/wp-json\/wp\/v2\/media?parent=203925"}],"wp:term":[{"taxonomy":"category","embeddable":true,"href":"https:\/\/www.europesays.com\/pt\/wp-json\/wp\/v2\/categories?post=203925"},{"taxonomy":"post_tag","embeddable":true,"href":"https:\/\/www.europesays.com\/pt\/wp-json\/wp\/v2\/tags?post=203925"}],"curies":[{"name":"wp","href":"https:\/\/api.w.org\/{rel}","templated":true}]}}