{"id":203937,"date":"2025-12-26T22:44:49","date_gmt":"2025-12-26T22:44:49","guid":{"rendered":"https:\/\/www.europesays.com\/pt\/203937\/"},"modified":"2025-12-26T22:44:49","modified_gmt":"2025-12-26T22:44:49","slug":"cmvm-ve-risco-elevado-nas-categorias-de-mercado-e-de-operacoes-em-2026","status":"publish","type":"post","link":"https:\/\/www.europesays.com\/pt\/203937\/","title":{"rendered":"CMVM v\u00ea risco elevado nas categorias de mercado e de opera\u00e7\u00f5es em 2026"},"content":{"rendered":"<p>&#13;<br \/>\nNo relat\u00f3rio `Risk Outlook 2026`, hoje divulgado no seu portal, a CMVM analisa cinco categorias de risco: mercado, liquidez, cr\u00e9dito, conduta e operacionais, tendo todas mantido a perspetiva de risco face a 2025, com a exce\u00e7\u00e3o de operacionais.&#13;\n<\/p>\n<p>&#13;<br \/>\nQuanto ao risco de mercado, &#8220;salienta-se um poss\u00edvel ajustamento dos pre\u00e7os nos mercados financeiros, decorrente do atual contexto geopol\u00edtico e do seu impacto sobre o cen\u00e1rio macroecon\u00f3mico&#8221;, indica o regulador, ainda que a perspetiva continue a ser &#8220;semi-ascendente&#8221;, \u00e0 semelhan\u00e7a do ano anterior.&#13;\n<\/p>\n<p>&#13;<br \/>\nJ\u00e1 o risco operacional, &#8220;em grande parte ligado \u00e0 ciberseguran\u00e7a, \u00e9 mantido como elevado, com uma perspetiva que passou de est\u00e1vel para ascendente&#8221;, altera\u00e7\u00e3o que se deve \u00e0 crescente digitaliza\u00e7\u00e3o e o aumento de ciberataques.&#13;\n<\/p>\n<p>&#13;<br \/>\nPor outro lado, a avalia\u00e7\u00e3o dos riscos de liquidez e de cr\u00e9dito mant\u00e9m-se, face a 2025, num n\u00edvel m\u00e9dio, com perspetiva est\u00e1vel, sendo que a &#8220;influenciar a evolu\u00e7\u00e3o destes riscos est\u00e1, uma vez mais, o contexto geopol\u00edtico e o seu impacto num poss\u00edvel ajustamento dos pre\u00e7os nos mercados financeiros e nos custos de financiamento&#8221;.&#13;\n<\/p>\n<p>&#13;<br \/>\nOs riscos relacionados com a conduta, ou seja, poss\u00edveis comportamentos inadequados por parte das entidades, tamb\u00e9m continuam com uma perspetiva est\u00e1vel e um n\u00edvel m\u00e9dio.&#13;\n<\/p>\n<p>&#13;<br \/>\nA CMVM destaca ainda, neste relat\u00f3rio, a exposi\u00e7\u00e3o dos organismos de investimento coletivo de a\u00e7\u00f5es domiciliados em Portugal aos riscos econ\u00f3micos decorrentes de choques externos e perturba\u00e7\u00f5es nas cadeias globais de abastecimento, nomeadamente devido \u00e0s medidas tarif\u00e1rias norte-americanas.&#13;\n<\/p>\n<p>&#13;<br \/>\nAinda assim, o regulador salienta que num quadro internacional marcado por tens\u00f5es comerciais e geopol\u00edticas, &#8220;os efeitos sobre a economia portuguesa t\u00eam sido relativamente contidos, refletindo resili\u00eancia e dinamismo interno&#8221;.&#13;<\/p>\n","protected":false},"excerpt":{"rendered":"&#13; No relat\u00f3rio `Risk Outlook 2026`, hoje divulgado no seu portal, a CMVM analisa cinco categorias de risco:&hellip;\n","protected":false},"author":2,"featured_media":203938,"comment_status":"","ping_status":"","sticky":false,"template":"","format":"standard","meta":{"footnotes":""},"categories":[83],"tags":[88,89,90,13,32,33,420,421],"class_list":{"0":"post-203937","1":"post","2":"type-post","3":"status-publish","4":"format-standard","5":"has-post-thumbnail","7":"category-empresas","8":"tag-business","9":"tag-economy","10":"tag-empresas","11":"tag-noticias","12":"tag-portugal","13":"tag-pt","14":"tag-rtp","15":"tag-rtp-noticias"},"share_on_mastodon":{"url":"https:\/\/pubeurope.com\/@pt\/115788298525659801","error":""},"_links":{"self":[{"href":"https:\/\/www.europesays.com\/pt\/wp-json\/wp\/v2\/posts\/203937","targetHints":{"allow":["GET"]}}],"collection":[{"href":"https:\/\/www.europesays.com\/pt\/wp-json\/wp\/v2\/posts"}],"about":[{"href":"https:\/\/www.europesays.com\/pt\/wp-json\/wp\/v2\/types\/post"}],"author":[{"embeddable":true,"href":"https:\/\/www.europesays.com\/pt\/wp-json\/wp\/v2\/users\/2"}],"replies":[{"embeddable":true,"href":"https:\/\/www.europesays.com\/pt\/wp-json\/wp\/v2\/comments?post=203937"}],"version-history":[{"count":0,"href":"https:\/\/www.europesays.com\/pt\/wp-json\/wp\/v2\/posts\/203937\/revisions"}],"wp:featuredmedia":[{"embeddable":true,"href":"https:\/\/www.europesays.com\/pt\/wp-json\/wp\/v2\/media\/203938"}],"wp:attachment":[{"href":"https:\/\/www.europesays.com\/pt\/wp-json\/wp\/v2\/media?parent=203937"}],"wp:term":[{"taxonomy":"category","embeddable":true,"href":"https:\/\/www.europesays.com\/pt\/wp-json\/wp\/v2\/categories?post=203937"},{"taxonomy":"post_tag","embeddable":true,"href":"https:\/\/www.europesays.com\/pt\/wp-json\/wp\/v2\/tags?post=203937"}],"curies":[{"name":"wp","href":"https:\/\/api.w.org\/{rel}","templated":true}]}}