{"id":203948,"date":"2025-12-26T22:57:10","date_gmt":"2025-12-26T22:57:10","guid":{"rendered":"https:\/\/www.europesays.com\/pt\/203948\/"},"modified":"2025-12-26T22:57:10","modified_gmt":"2025-12-26T22:57:10","slug":"por-que-o-calor-favorece-o-surgimento-de-baratas-e-quais-medidas-ajudam-a-afasta-las","status":"publish","type":"post","link":"https:\/\/www.europesays.com\/pt\/203948\/","title":{"rendered":"Por que o calor favorece o surgimento de baratas e quais medidas ajudam a afast\u00e1-las"},"content":{"rendered":"<p>Ambientes \u00famidos favorecem a infesta\u00e7\u00e3o<\/p>\n<p>Locais como banheiros, cozinhas e lavanderias apresentam maior risco de atrair baratas. Nessas \u00e1reas, a combina\u00e7\u00e3o de umidade, calor e res\u00edduos org\u00e2nicos cria condi\u00e7\u00f5es prop\u00edcias para a forma\u00e7\u00e3o de focos.<\/p>\n<p>Manter esses ambientes limpos, secos e bem ventilados \u00e9 uma medida fundamental. A limpeza frequente de ralos, a veda\u00e7\u00e3o de frestas e o correto acondicionamento do lixo reduzem significativamente as chances de infesta\u00e7\u00e3o.<\/p>\n<p>Como reduzir a presen\u00e7a de baratas de forma caseira<\/p>\n<p>M\u00e9todos naturais podem ser utilizados como apoio no controle das baratas. A mistura de bicarbonato de s\u00f3dio com a\u00e7\u00facar, por exemplo, atrai os insetos e pode provocar rea\u00e7\u00f5es internas prejudiciais quando ingerida.<\/p>\n","protected":false},"excerpt":{"rendered":"Ambientes \u00famidos favorecem a infesta\u00e7\u00e3o Locais como banheiros, cozinhas e lavanderias apresentam maior risco de atrair baratas. Nessas&hellip;\n","protected":false},"author":2,"featured_media":203949,"comment_status":"","ping_status":"","sticky":false,"template":"","format":"standard","meta":{"footnotes":""},"categories":[86],"tags":[546,37954,116,32,33,117],"class_list":{"0":"post-203948","1":"post","2":"type-post","3":"status-publish","4":"format-standard","5":"has-post-thumbnail","7":"category-saude","8":"tag-agencia-gazeta","9":"tag-casa-e-jardim","10":"tag-health","11":"tag-portugal","12":"tag-pt","13":"tag-saude"},"share_on_mastodon":{"url":"https:\/\/pubeurope.com\/@pt\/115788345857289115","error":""},"_links":{"self":[{"href":"https:\/\/www.europesays.com\/pt\/wp-json\/wp\/v2\/posts\/203948","targetHints":{"allow":["GET"]}}],"collection":[{"href":"https:\/\/www.europesays.com\/pt\/wp-json\/wp\/v2\/posts"}],"about":[{"href":"https:\/\/www.europesays.com\/pt\/wp-json\/wp\/v2\/types\/post"}],"author":[{"embeddable":true,"href":"https:\/\/www.europesays.com\/pt\/wp-json\/wp\/v2\/users\/2"}],"replies":[{"embeddable":true,"href":"https:\/\/www.europesays.com\/pt\/wp-json\/wp\/v2\/comments?post=203948"}],"version-history":[{"count":0,"href":"https:\/\/www.europesays.com\/pt\/wp-json\/wp\/v2\/posts\/203948\/revisions"}],"wp:featuredmedia":[{"embeddable":true,"href":"https:\/\/www.europesays.com\/pt\/wp-json\/wp\/v2\/media\/203949"}],"wp:attachment":[{"href":"https:\/\/www.europesays.com\/pt\/wp-json\/wp\/v2\/media?parent=203948"}],"wp:term":[{"taxonomy":"category","embeddable":true,"href":"https:\/\/www.europesays.com\/pt\/wp-json\/wp\/v2\/categories?post=203948"},{"taxonomy":"post_tag","embeddable":true,"href":"https:\/\/www.europesays.com\/pt\/wp-json\/wp\/v2\/tags?post=203948"}],"curies":[{"name":"wp","href":"https:\/\/api.w.org\/{rel}","templated":true}]}}