{"id":203966,"date":"2025-12-26T23:09:09","date_gmt":"2025-12-26T23:09:09","guid":{"rendered":"https:\/\/www.europesays.com\/pt\/203966\/"},"modified":"2025-12-26T23:09:09","modified_gmt":"2025-12-26T23:09:09","slug":"cancao-muito-muito-antiga-diz-brian-may","status":"publish","type":"post","link":"https:\/\/www.europesays.com\/pt\/203966\/","title":{"rendered":"&#8220;can\u00e7\u00e3o muito, muito antiga&#8221;, diz Brian May"},"content":{"rendered":"<p>A &#8220;can\u00e7\u00e3o muito, muito antiga&#8221; foi gravada em 1974, mas s\u00f3 agora foi tocada pela primeira vez. A &#8220;Not for Sale (Polar Bear)&#8221; integrar\u00e1 a reedi\u00e7\u00e3o de 2026 do segundo \u00e1lbum da banda, Queen II.<\/p>\n<p><a target=\"_blank\" href=\"https:\/\/pplware.sapo.pt\/wp-content\/uploads\/2025\/12\/queen_banda.jpg\" onclick=\"refreshIframe()\" class=\"foobox\" rel=\"nofollow noopener\"><img fetchpriority=\"high\" decoding=\"async\" src=\"https:\/\/www.europesays.com\/pt\/wp-content\/uploads\/2025\/12\/queen_banda-720x405.jpg\" alt=\"Queen\" width=\"720\" height=\"405\" class=\"aligncenter wp-image-1095293 size-medium\"  \/><\/a>\n<\/p>\n<p>A ic\u00f3nica banda <a target=\"_blank\" href=\"https:\/\/pplware.sapo.pt\/tag\/queen\/\" rel=\"nofollow noopener\">Queen<\/a> lan\u00e7ou uma can\u00e7\u00e3o de Natal nunca ouvida, de nome &#8220;Not For Sale (Polar Bear)&#8221;. A m\u00fasica, que Brian May descreveu como &#8220;muito, muito antiga&#8221;, foi gravada durante as sess\u00f5es do \u00e1lbum Queen II, de 1974, e integrar\u00e1 a reedi\u00e7\u00e3o de 2026 do segundo \u00e1lbum da banda.<\/p>\n<blockquote>\n<p>Pelo que sei, ningu\u00e9m jamais ouviu esta vers\u00e3o.<\/p>\n<\/blockquote>\n<p>Disse Brian May, vocalista principal da m\u00fasica ao lado do falecido Freddie Mercury.<\/p>\n<p>O tema nunca chegou \u00e0 vers\u00e3o final e permaneceu in\u00e9dito durante d\u00e9cadas. At\u00e9 agora!<\/p>\n<p style=\"text-align: center;\">\n<p>O guitarrista da banda <a target=\"_blank\" href=\"https:\/\/www.youtube.com\/watch?v=Oz7KhMqEWAk\" rel=\"nofollow noopener\">tocou a m\u00fasica<\/a>, pela primeira vez, durante uma transmiss\u00e3o especial na esta\u00e7\u00e3o de r\u00e1dio Planet Rock, no in\u00edcio desta semana.<\/p>\n<blockquote>\n<p>As pessoas podem ter ouvido uma vers\u00e3o pirata de &#8220;Not for Sale (Polar Bear)&#8221; da Smile [a sua banda anterior], \u00e9 uma m\u00fasica que vem de h\u00e1 muito tempo atr\u00e1s, mas, pelo que sei, ningu\u00e9m nunca ouviu esta vers\u00e3o.<\/p>\n<p>\u00c9 um trabalho em andamento e aparecer\u00e1 na pr\u00f3xima reedi\u00e7\u00e3o do \u00e1lbum Queen II, que ser\u00e1 lan\u00e7ado no pr\u00f3ximo ano, mas estou a incluir isso no meu especial da Planet Rock porque estou curioso para saber o que as pessoas acham.<\/p>\n<\/blockquote>\n<p>Disse May, desejando um &#8220;Natal maravilhoso e um \u00f3timo Ano Novo&#8221;.<\/p>\n<p>A m\u00fasica &#8220;Not For Sale (Polar Bear)&#8221; estar\u00e1 inclu\u00edda na reedi\u00e7\u00e3o de 2026 do \u00e1lbum Queen II, o segundo \u00e1lbum da banda, lan\u00e7ado, em 1974, no Reino Unido.<\/p>\n<p>Curiosamente, no in\u00edcio deste ano, a empresa Phonographic Performance Limited (PPL) anunciou que Queen foi a banda de rock mais tocada nas r\u00e1dios e televis\u00f5es do Reino Unido, no s\u00e9culo XXI.<\/p>\n","protected":false},"excerpt":{"rendered":"A &#8220;can\u00e7\u00e3o muito, muito antiga&#8221; foi gravada em 1974, mas s\u00f3 agora foi tocada pela primeira vez. A&hellip;\n","protected":false},"author":2,"featured_media":203967,"comment_status":"","ping_status":"","sticky":false,"template":"","format":"standard","meta":{"footnotes":""},"categories":[141],"tags":[114,115,149,150,7561,32,33,4012],"class_list":{"0":"post-203966","1":"post","2":"type-post","3":"status-publish","4":"format-standard","5":"has-post-thumbnail","7":"category-musica","8":"tag-entertainment","9":"tag-entretenimento","10":"tag-music","11":"tag-musica","12":"tag-natal","13":"tag-portugal","14":"tag-pt","15":"tag-queen"},"share_on_mastodon":{"url":"https:\/\/pubeurope.com\/@pt\/115788393235315177","error":""},"_links":{"self":[{"href":"https:\/\/www.europesays.com\/pt\/wp-json\/wp\/v2\/posts\/203966","targetHints":{"allow":["GET"]}}],"collection":[{"href":"https:\/\/www.europesays.com\/pt\/wp-json\/wp\/v2\/posts"}],"about":[{"href":"https:\/\/www.europesays.com\/pt\/wp-json\/wp\/v2\/types\/post"}],"author":[{"embeddable":true,"href":"https:\/\/www.europesays.com\/pt\/wp-json\/wp\/v2\/users\/2"}],"replies":[{"embeddable":true,"href":"https:\/\/www.europesays.com\/pt\/wp-json\/wp\/v2\/comments?post=203966"}],"version-history":[{"count":0,"href":"https:\/\/www.europesays.com\/pt\/wp-json\/wp\/v2\/posts\/203966\/revisions"}],"wp:featuredmedia":[{"embeddable":true,"href":"https:\/\/www.europesays.com\/pt\/wp-json\/wp\/v2\/media\/203967"}],"wp:attachment":[{"href":"https:\/\/www.europesays.com\/pt\/wp-json\/wp\/v2\/media?parent=203966"}],"wp:term":[{"taxonomy":"category","embeddable":true,"href":"https:\/\/www.europesays.com\/pt\/wp-json\/wp\/v2\/categories?post=203966"},{"taxonomy":"post_tag","embeddable":true,"href":"https:\/\/www.europesays.com\/pt\/wp-json\/wp\/v2\/tags?post=203966"}],"curies":[{"name":"wp","href":"https:\/\/api.w.org\/{rel}","templated":true}]}}