{"id":203971,"date":"2025-12-26T23:13:38","date_gmt":"2025-12-26T23:13:38","guid":{"rendered":"https:\/\/www.europesays.com\/pt\/203971\/"},"modified":"2025-12-26T23:13:38","modified_gmt":"2025-12-26T23:13:38","slug":"unhas-de-maria-cerqueira-gomes-provam-que-o-classico-e-a-escolha-certa-para-entrar-em-2026","status":"publish","type":"post","link":"https:\/\/www.europesays.com\/pt\/203971\/","title":{"rendered":"Unhas de Maria Cerqueira Gomes provam que o cl\u00e1ssico \u00e9 a escolha certa para entrar em 2026"},"content":{"rendered":"<p>O final do ano tamb\u00e9m traz consigo uma s\u00e9rie de preparativos especiais. Entre balan\u00e7os, resolu\u00e7\u00f5es e novos come\u00e7os, h\u00e1 pequenos rituais que nos ajudam a entrar no novo ano com mais confian\u00e7a e boa energia. A escolha de um look diferente, mais festivo, ou at\u00e9 a decis\u00e3o sobre as unhas que vamos usar na passagem de ano fazem parte desse momento simb\u00f3lico.<\/p>\n<p>Na manh\u00e3 da v\u00e9spera de Natal, <a href=\"https:\/\/versa.iol.pt\/maria-cerqueira-gomes\/unhas\/olha-bem-para-as-unhas-de-maria-cerqueira-gomes-ja-segue-a-tendencia-de-2026\/20251216\/693ff208d34e3caad84c63b4\" rel=\"nofollow noopener\" target=\"_blank\">Maria Cerqueira Gomes<\/a> partilhou nas redes sociais as unhas escolhidas para esta \u00e9poca festiva e acabou por nos recordar de uma verdade simples: quando o assunto s\u00e3o cl\u00e1ssicos, n\u00e3o h\u00e1 como falhar.<\/p>\n<p data-end=\"1008\" data-start=\"718\">A apresentadora apostou nas intemporais unhas vermelhas, uma escolha que atravessa tend\u00eancias e que ganha ainda mais significado nesta altura. Elegantes, seguras e sempre atuais, s\u00e3o daquelas op\u00e7\u00f5es que funcionam tanto no quotidiano como em momentos marcantes \u2014 como a entrada num novo ano.<\/p>\n<p data-end=\"1317\" data-start=\"1010\">Seja para quem prefere manter tudo simples e cl\u00e1ssico, \u00e0 semelhan\u00e7a de Maria Cerqueira Gomes, ou para quem gosta de arriscar em nail art mais criativa, deixamos uma galeria de imagens com v\u00e1rias inspira\u00e7\u00f5es de unhas de Ano Novo, perfeitas para come\u00e7ares o pr\u00f3ximo cap\u00edtulo com estilo e confian\u00e7a.<\/p>\n<blockquote class=\"instagram-media\" data-instgrm-captioned=\"\" data-instgrm-permalink=\"https:\/\/www.instagram.com\/reel\/DSA9Uv2ih4Q\/?utm_source=ig_embed&amp;utm_campaign=loading\" data-instgrm-version=\"14\" style=\" background:#FFF; border:0; border-radius:3px; box-shadow:0 0 1px 0 rgba(0,0,0,0.5),0 1px 10px 0 rgba(0,0,0,0.15); margin: 1px; max-width:540px; min-width:326px; padding:0; width:99.375%; width:-webkit-calc(100% - 2px); width:calc(100% - 2px);\">\n<\/blockquote>\n<p>                            <script async src=\"\/\/www.instagram.com\/embed.js\"><\/script><\/p>\n","protected":false},"excerpt":{"rendered":"O final do ano tamb\u00e9m traz consigo uma s\u00e9rie de preparativos especiais. Entre balan\u00e7os, resolu\u00e7\u00f5es e novos come\u00e7os,&hellip;\n","protected":false},"author":2,"featured_media":203972,"comment_status":"","ping_status":"","sticky":false,"template":"","format":"standard","meta":{"footnotes":""},"categories":[85],"tags":[1081,204,114,115,754,186,4260,18318,1079,7561,32,33,4259,1078,1080],"class_list":{"0":"post-203971","1":"post","2":"type-post","3":"status-publish","4":"format-standard","5":"has-post-thumbnail","7":"category-entretenimento","8":"tag-beleza","9":"tag-design","10":"tag-entertainment","11":"tag-entretenimento","12":"tag-gastronomia","13":"tag-lifestyle","14":"tag-manicure","15":"tag-maria-cerqueira-gomes","16":"tag-moda","17":"tag-natal","18":"tag-portugal","19":"tag-pt","20":"tag-unhas-de-gel","21":"tag-versa","22":"tag-viagens"},"share_on_mastodon":{"url":"https:\/\/pubeurope.com\/@pt\/115788408769349749","error":""},"_links":{"self":[{"href":"https:\/\/www.europesays.com\/pt\/wp-json\/wp\/v2\/posts\/203971","targetHints":{"allow":["GET"]}}],"collection":[{"href":"https:\/\/www.europesays.com\/pt\/wp-json\/wp\/v2\/posts"}],"about":[{"href":"https:\/\/www.europesays.com\/pt\/wp-json\/wp\/v2\/types\/post"}],"author":[{"embeddable":true,"href":"https:\/\/www.europesays.com\/pt\/wp-json\/wp\/v2\/users\/2"}],"replies":[{"embeddable":true,"href":"https:\/\/www.europesays.com\/pt\/wp-json\/wp\/v2\/comments?post=203971"}],"version-history":[{"count":0,"href":"https:\/\/www.europesays.com\/pt\/wp-json\/wp\/v2\/posts\/203971\/revisions"}],"wp:featuredmedia":[{"embeddable":true,"href":"https:\/\/www.europesays.com\/pt\/wp-json\/wp\/v2\/media\/203972"}],"wp:attachment":[{"href":"https:\/\/www.europesays.com\/pt\/wp-json\/wp\/v2\/media?parent=203971"}],"wp:term":[{"taxonomy":"category","embeddable":true,"href":"https:\/\/www.europesays.com\/pt\/wp-json\/wp\/v2\/categories?post=203971"},{"taxonomy":"post_tag","embeddable":true,"href":"https:\/\/www.europesays.com\/pt\/wp-json\/wp\/v2\/tags?post=203971"}],"curies":[{"name":"wp","href":"https:\/\/api.w.org\/{rel}","templated":true}]}}