{"id":204003,"date":"2025-12-26T23:39:20","date_gmt":"2025-12-26T23:39:20","guid":{"rendered":"https:\/\/www.europesays.com\/pt\/204003\/"},"modified":"2025-12-26T23:39:20","modified_gmt":"2025-12-26T23:39:20","slug":"deu-tudo-errado-joao-gomes-comenta-repercussao-do-projeto-de-casa-dos-sonhos","status":"publish","type":"post","link":"https:\/\/www.europesays.com\/pt\/204003\/","title":{"rendered":"Deu tudo errado? Jo\u00e3o Gomes comenta repercuss\u00e3o do projeto de &#8220;casa dos sonhos&#8221;"},"content":{"rendered":"<p>Cantor planejava construir uma mans\u00e3o com refer\u00eancias ao sert\u00e3o em um condom\u00ednio de luxo, mas a ideia causou impasse com arquitetos<\/p>\n<p>O cantor <a href=\"https:\/\/portalleodias.com\/famosos\/joao-gomes-expoe-episodio-de-preconceito-por-ser-nordestino-sempre-foi-dificil\" rel=\"nofollow noopener\" target=\"_blank\">Jo\u00e3o Gomes<\/a> comentou a repercuss\u00e3o do projeto de sua \u201ccasa dos sonhos\u201d, que ainda n\u00e3o saiu do papel. H\u00e1 poucas semanas, o pernambucano movimentou as redes sociais ap\u00f3s contar sobre os planos de construir uma mans\u00e3o com \u201ccara de Brasil\u201d, com alpendre e refer\u00eancias ao sert\u00e3o no Alphaville de Petrolina. O projeto, no entanto,<a href=\"https:\/\/portalleodias.com\/famosos\/joao-gomes-rejeita-projetos-e-enfrenta-impasse-para-construir-casa-de-sertao-em-condominio\" rel=\"nofollow noopener\" target=\"_blank\"> causou impasse com os arquitetos<\/a>.<\/p>\n<p>Em entrevista ao colunista Lucas Pasin, do Metr\u00f3poles, ele se divertiu ao falar sobre a dificuldade em alinhar o pr\u00f3prio desejo com os projetos entregues pelos profissionais. De acordo com o artista, todos os modelos que havia recebido fugiam da est\u00e9tica solicitada em detrimento ao estilo mais moderno, ao qual ele se referiu como \u201ccasa quadrada\u201d.<\/p>\n<p>Veja as fotosAbrir em tela cheia<img decoding=\"async\" src=\"https:\/\/www.europesays.com\/pt\/wp-content\/uploads\/2025\/12\/WhatsApp-Image-2025-12-12-at-12.08.45.jpeg\" alt=\"Foto: Instagram\/@agamaarquitetura\" title=\"Foto: Instagram\/@agamaarquitetura\" loading=\"lazy\" width=\"360\" height=\"270\"\/> <\/p>\n<p> Projeto de mans\u00e3o recusado por Jo\u00e3o GomesFoto: Instagram\/@agamaarquitetura<\/p>\n<p><img decoding=\"async\" src=\"https:\/\/www.europesays.com\/pt\/wp-content\/uploads\/2025\/12\/WhatsApp-Image-2025-12-12-at-12.08.45-1.jpeg\" alt=\"Foto: Instagram\/@agamaarquitetura\" title=\"Foto: Instagram\/@agamaarquitetura\" loading=\"lazy\" width=\"360\" height=\"270\"\/> <\/p>\n<p> Projeto de mans\u00e3o recusado por Jo\u00e3o GomesFoto: Instagram\/@agamaarquitetura<\/p>\n<p><img decoding=\"async\" src=\"https:\/\/www.europesays.com\/pt\/wp-content\/uploads\/2025\/12\/WhatsApp-Image-2025-12-12-at-12.08.45-2.jpeg\" alt=\"Foto: Instagram\/@agamaarquitetura\" title=\"Foto: Instagram\/@agamaarquitetura\" loading=\"lazy\" width=\"360\" height=\"270\"\/> <\/p>\n<p> Projeto de mans\u00e3o recusado por Jo\u00e3o GomesFoto: Instagram\/@agamaarquitetura<\/p>\n<p><img decoding=\"async\" src=\"https:\/\/www.europesays.com\/pt\/wp-content\/uploads\/2025\/12\/WhatsApp-Image-2025-12-12-at-12.08.45-3.jpeg\" alt=\"Foto: Instagram\/@agamaarquitetura\" title=\"Foto: Instagram\/@agamaarquitetura\" loading=\"lazy\" width=\"360\" height=\"270\"\/> <\/p>\n<p> Projeto de mans\u00e3o recusado por Jo\u00e3o GomesFoto: Instagram\/@agamaarquitetura<\/p>\n<p><img decoding=\"async\" src=\"https:\/\/www.europesays.com\/pt\/wp-content\/uploads\/2025\/12\/WhatsApp-Image-2025-12-12-at-12.08.45-6.jpeg\" alt=\"Foto: Instagram\/@agamaarquitetura\" title=\"Foto: Instagram\/@agamaarquitetura\" loading=\"lazy\" width=\"360\" height=\"270\"\/> <\/p>\n<p> Projeto de mans\u00e3o recusado por Jo\u00e3o GomesFoto: Instagram\/@agamaarquitetura<\/p>\n<p><img decoding=\"async\" src=\"https:\/\/www.europesays.com\/pt\/wp-content\/uploads\/2025\/12\/WhatsApp-Image-2025-12-12-at-12.08.45-7.jpeg\" alt=\"Foto: Instagram\/@agamaarquitetura\" title=\"Foto: Instagram\/@agamaarquitetura\" loading=\"lazy\" width=\"360\" height=\"270\"\/> <\/p>\n<p> Projeto de mans\u00e3o recusado por Jo\u00e3o GomesFoto: Instagram\/@agamaarquitetura<\/p>\n<p><img decoding=\"async\" src=\"https:\/\/www.europesays.com\/pt\/wp-content\/uploads\/2025\/12\/WhatsApp-Image-2025-12-12-at-12.08.45-5.jpeg\" alt=\"Foto: Instagram\/@agamaarquitetura\" title=\"Foto: Instagram\/@agamaarquitetura\" loading=\"lazy\" width=\"360\" height=\"270\"\/> <\/p>\n<p> Projeto de mans\u00e3o recusado por Jo\u00e3o GomesFoto: Instagram\/@agamaarquitetura<\/p>\n<p><img decoding=\"async\" src=\"https:\/\/www.europesays.com\/pt\/wp-content\/uploads\/2025\/12\/WhatsApp-Image-2025-12-12-at-12.08.45-4.jpeg\" alt=\"Foto: Instagram\/@agamaarquitetura\" title=\"Foto: Instagram\/@agamaarquitetura\" loading=\"lazy\" width=\"360\" height=\"270\"\/> <\/p>\n<p> Projeto de mans\u00e3o recusado por Jo\u00e3o GomesFoto: Instagram\/@agamaarquitetura<\/p>\n<p>\n        Voltar<br \/>\n        Pr\u00f3ximo\n      <\/p>\n<p>\u201cIsso foi assunto. Recebi tanta mensagem de arquiteto. Meu algoritmo j\u00e1 sabe que gosto de ver casa. Antes, eu olhava bem assim: \u2018casa de n\u00e3o sei quantos\u2019. Hoje em dia: \u2018a casa que o Jo\u00e3o Gomes quer\u2019. Que doideira\u201d, se divertiu Jo\u00e3o, que adquiriu dois lotes vizinhos no local e contratou uma empresa de arquitetura para transformar sua ideia em realidade.<\/p>\n<p data-start=\"1729\" data-end=\"2040\">A empresa contratada, chegou a divulgar nas redes sociais a proposta inicial recusada e imagens de uma das reuni\u00f5es com Jo\u00e3o <a href=\"https:\/\/portalleodias.com\/famosos\/luxuoso-leo-dias-revela-detalhes-do-convite-de-casamento-de-ary-e-joao-gomes\" rel=\"nofollow noopener\" target=\"_blank\">e sua esposa, Ary Mirelle<\/a>. No mesmo post, a equipe pediu desculpas e garantiu que j\u00e1 reformulou o conceito para atender ao estilo desejado pelo artista: \u201cAo final da terceira revis\u00e3o da fachada, o projeto foi aprovado e ficamos alegres com isso. Ah, o condom\u00ednio tamb\u00e9m aprovou o projeto\u201d, escreveu o escrit\u00f3rio.<\/p>\n<p>Na mesma entrevista, Jo\u00e3o Gomes tamb\u00e9m falou sobre o sucesso profissional ao longo de 2025: \u201cSou uma pessoa de uma personalidade um pouco forte. A gente chegar em um lugar e fazer um trabalho bem feito, vai al\u00e9m do dinheiro que a gente tem na conta e tudo assim. A gente recebe com muito amor, comemorou junto, vibrou. Mas o trabalho n\u00e3o parou\u201d.<\/p>\n","protected":false},"excerpt":{"rendered":"Cantor planejava construir uma mans\u00e3o com refer\u00eancias ao sert\u00e3o em um condom\u00ednio de luxo, mas a ideia causou&hellip;\n","protected":false},"author":2,"featured_media":204004,"comment_status":"","ping_status":"","sticky":false,"template":"","format":"standard","meta":{"footnotes":""},"categories":[144],"tags":[207,205,206,203,201,202,204,114,115,32,33],"class_list":{"0":"post-204003","1":"post","2":"type-post","3":"status-publish","4":"format-standard","5":"has-post-thumbnail","7":"category-arte-e-design","8":"tag-arte","9":"tag-arte-e-design","10":"tag-artedesign","11":"tag-arts","12":"tag-arts-and-design","13":"tag-artsanddesign","14":"tag-design","15":"tag-entertainment","16":"tag-entretenimento","17":"tag-portugal","18":"tag-pt"},"share_on_mastodon":{"url":"https:\/\/pubeurope.com\/@pt\/115788511264919403","error":""},"_links":{"self":[{"href":"https:\/\/www.europesays.com\/pt\/wp-json\/wp\/v2\/posts\/204003","targetHints":{"allow":["GET"]}}],"collection":[{"href":"https:\/\/www.europesays.com\/pt\/wp-json\/wp\/v2\/posts"}],"about":[{"href":"https:\/\/www.europesays.com\/pt\/wp-json\/wp\/v2\/types\/post"}],"author":[{"embeddable":true,"href":"https:\/\/www.europesays.com\/pt\/wp-json\/wp\/v2\/users\/2"}],"replies":[{"embeddable":true,"href":"https:\/\/www.europesays.com\/pt\/wp-json\/wp\/v2\/comments?post=204003"}],"version-history":[{"count":0,"href":"https:\/\/www.europesays.com\/pt\/wp-json\/wp\/v2\/posts\/204003\/revisions"}],"wp:featuredmedia":[{"embeddable":true,"href":"https:\/\/www.europesays.com\/pt\/wp-json\/wp\/v2\/media\/204004"}],"wp:attachment":[{"href":"https:\/\/www.europesays.com\/pt\/wp-json\/wp\/v2\/media?parent=204003"}],"wp:term":[{"taxonomy":"category","embeddable":true,"href":"https:\/\/www.europesays.com\/pt\/wp-json\/wp\/v2\/categories?post=204003"},{"taxonomy":"post_tag","embeddable":true,"href":"https:\/\/www.europesays.com\/pt\/wp-json\/wp\/v2\/tags?post=204003"}],"curies":[{"name":"wp","href":"https:\/\/api.w.org\/{rel}","templated":true}]}}