{"id":204007,"date":"2025-12-26T23:43:07","date_gmt":"2025-12-26T23:43:07","guid":{"rendered":"https:\/\/www.europesays.com\/pt\/204007\/"},"modified":"2025-12-26T23:43:07","modified_gmt":"2025-12-26T23:43:07","slug":"the-copenhagen-test-e-elogiada-pela-critica-e-marca-ressurgimento-de-melissa-barrera","status":"publish","type":"post","link":"https:\/\/www.europesays.com\/pt\/204007\/","title":{"rendered":"The Copenhagen Test \u00e9 elogiada pela cr\u00edtica e marca ressurgimento de Melissa Barrera"},"content":{"rendered":"<p class=\"wp-block-yoast-seo-estimated-reading-time yoast-reading-time__wrapper\">Estimated reading time: 2 minutos<\/p>\n<p>De forma surpreendente, a s\u00e9rie de a\u00e7\u00e3o e espionagem <strong>The Copenhagen Test<\/strong> recebeu muitos elogios da cr\u00edtica internacional, aparecendo neste momento com uma aprova\u00e7\u00e3o de <strong>86%<\/strong> no <strong>Rotten Tomatoes<\/strong>.<\/p>\n<p>M\u00faltiplos portais mencionaram a narrativa &#8220;<strong>\u00fanica<\/strong>&#8220;, apoiada por \u00f3timas atua\u00e7\u00f5es dos protagonistas.<\/p>\n<p>Trata-se de uma recep\u00e7\u00e3o muito importante especialmente para <strong>Melissa Barrera<\/strong>, que parece ressurgir em Hollywood ap\u00f3s pol\u00eamicas e a demiss\u00e3o da franquia <strong>P\u00e2nico<\/strong>.<\/p>\n<p>&#8220;<strong>A s\u00e9rie j\u00e1 fez muito pela minha carreira. Eu s\u00f3 espero que possamos&#8230; S\u00f3 quero continuar trabalhando com pessoas boas e que as pessoas me ou\u00e7am e saibam que, sabe, voc\u00ea pode contribuir. Mas todos que fazem parte deste programa s\u00e3o, eu acho, boas pessoas porque realmente se importam com a hist\u00f3ria e queriam fazer a melhor vers\u00e3o poss\u00edvel dela, sem sucumbir ao ru\u00eddo externo<\/strong>,&#8221; disse em entrevista recente.<\/p>\n<p>&#8220;<strong>Sou grata por fazer parte disso. E espero que abra portas para todos os envolvidos<\/strong>,&#8221; completou.<\/p>\n<p>Nos Estados Unidos, a estreia acontece amanh\u00e3, <strong>27 de dezembro<\/strong>, diretamente no streaming <strong>Peacock<\/strong>.<\/p>\n<p>N\u00e3o h\u00e1 previs\u00e3o no Brasil.<\/p>\n<p>Leia mais sobre Simu Liu e Melissa Barrera:<\/p>\n<p>Criada por\u00a0<strong>Thomas Brandon<\/strong>\u00a0e com produ\u00e7\u00e3o executiva de\u00a0<strong>James Wan<\/strong>, The Copenhagen Test acompanha Alexander Hale (<strong>Simu Liu<\/strong>), um analista de intelig\u00eancia sino-americano de primeira gera\u00e7\u00e3o que descobre que seu c\u00e9rebro foi hackeado \u2014 permitindo que os invasores tenham acesso a tudo o que ele v\u00ea e ouve.<\/p>\n<p>Preso entre sua ag\u00eancia secreta e os hackers desconhecidos, ele precisa manter uma atua\u00e7\u00e3o constante, 24 horas por dia, para descobrir quem est\u00e1 por tr\u00e1s do ataque e provar onde realmente est\u00e3o suas lealdades.<\/p>\n<p>Barrera \u00e9 Michelle, uma figura enigm\u00e1tica que manter\u00e1 todos em d\u00favida sobre suas inten\u00e7\u00f5es.<\/p>\n<p><strong>Fonte<\/strong>: <a href=\"https:\/\/www.rottentomatoes.com\/tv\/the_copenhagen_test\/s01\" target=\"_blank\" rel=\"noreferrer noopener nofollow\">Rotten Tomatoes<\/a><\/p>\n","protected":false},"excerpt":{"rendered":"Estimated reading time: 2 minutos De forma surpreendente, a s\u00e9rie de a\u00e7\u00e3o e espionagem The Copenhagen Test recebeu&hellip;\n","protected":false},"author":2,"featured_media":204008,"comment_status":"","ping_status":"","sticky":false,"template":"","format":"standard","meta":{"footnotes":""},"categories":[140],"tags":[114,115,147,148,13365,146,32,33,13308],"class_list":{"0":"post-204007","1":"post","2":"type-post","3":"status-publish","4":"format-standard","5":"has-post-thumbnail","7":"category-filmes","8":"tag-entertainment","9":"tag-entretenimento","10":"tag-film","11":"tag-filmes","12":"tag-melissa-barrera","13":"tag-movies","14":"tag-portugal","15":"tag-pt","16":"tag-simu-liu"},"share_on_mastodon":{"url":"https:\/\/pubeurope.com\/@pt\/115788526703820964","error":""},"_links":{"self":[{"href":"https:\/\/www.europesays.com\/pt\/wp-json\/wp\/v2\/posts\/204007","targetHints":{"allow":["GET"]}}],"collection":[{"href":"https:\/\/www.europesays.com\/pt\/wp-json\/wp\/v2\/posts"}],"about":[{"href":"https:\/\/www.europesays.com\/pt\/wp-json\/wp\/v2\/types\/post"}],"author":[{"embeddable":true,"href":"https:\/\/www.europesays.com\/pt\/wp-json\/wp\/v2\/users\/2"}],"replies":[{"embeddable":true,"href":"https:\/\/www.europesays.com\/pt\/wp-json\/wp\/v2\/comments?post=204007"}],"version-history":[{"count":0,"href":"https:\/\/www.europesays.com\/pt\/wp-json\/wp\/v2\/posts\/204007\/revisions"}],"wp:featuredmedia":[{"embeddable":true,"href":"https:\/\/www.europesays.com\/pt\/wp-json\/wp\/v2\/media\/204008"}],"wp:attachment":[{"href":"https:\/\/www.europesays.com\/pt\/wp-json\/wp\/v2\/media?parent=204007"}],"wp:term":[{"taxonomy":"category","embeddable":true,"href":"https:\/\/www.europesays.com\/pt\/wp-json\/wp\/v2\/categories?post=204007"},{"taxonomy":"post_tag","embeddable":true,"href":"https:\/\/www.europesays.com\/pt\/wp-json\/wp\/v2\/tags?post=204007"}],"curies":[{"name":"wp","href":"https:\/\/api.w.org\/{rel}","templated":true}]}}