{"id":204011,"date":"2025-12-26T23:45:09","date_gmt":"2025-12-26T23:45:09","guid":{"rendered":"https:\/\/www.europesays.com\/pt\/204011\/"},"modified":"2025-12-26T23:45:09","modified_gmt":"2025-12-26T23:45:09","slug":"criciuma-intensifica-acoes-de-prevencao-as-ists-e-ao-cancer-de-pele-ao-longo-do-mes-engeplus-com-br","status":"publish","type":"post","link":"https:\/\/www.europesays.com\/pt\/204011\/","title":{"rendered":"Crici\u00fama intensifica a\u00e7\u00f5es de preven\u00e7\u00e3o \u00e0s ISTs e ao c\u00e2ncer de pele ao longo do m\u00eas &#8211; engeplus.com.br"},"content":{"rendered":"<ol>\n<li><a href=\"https:\/\/news.google.com\/rss\/articles\/CBMixwFBVV95cUxPbV96QjdZekJkeG1CbFpuTDUyYTM5VjlkSndTUm9MNDk3NFotbnBZa2U3cC0zYjRydVQ0RGNyeDdzUDcyaXlzemxXWmJLU0ZrVEFyb0lDZDFKbURHdmEwYU9veUk5czRuVmRPY0Nrc2N6WG9rN1pBSURKNjhOa3hHQmZwc3ozUi1QNkRuc3YxRnNRTGViQ000YlpIS1ZuUjlyRjgxM0FBTmI5RlNHRDRMcVI4QUJ5MTB4VkFRbU95NlZ5WHo4NlQ0?oc=5\" target=\"_blank\" rel=\"nofollow noopener\">Crici\u00fama intensifica a\u00e7\u00f5es de preven\u00e7\u00e3o \u00e0s ISTs e ao c\u00e2ncer de pele ao longo do m\u00eas<\/a>&nbsp;&nbsp;engeplus.com.br<\/li>\n<li><a href=\"https:\/\/news.google.com\/rss\/articles\/CBMi2AFBVV95cUxNWFpXd0RVVEw2ZHVSTHNrc0dBZ3d3Vy1SUm9VN1ZvTnF6ZVF1LW9JbjY1UmRTQUZrYktSU1Vnek9xQ0VJekRReXdrOTcxUmdQc0dRZmRTNEpuVU1iT0o5UGtIekViejNPT0RmMXZLMkJDRTlrOVFPb0lLck1ja0JyU2lPTk5Fd2V5VDRqNGpob0V4Q3J4TlpJeUVIRkdaVjRFRGNNMzJLREpPeTRNZnc5QU5wQzlyZjR5TFc2M1pSOGNvNkw2N01QTjZGSUFxVkJZUUNNWjBReUU?oc=5\" target=\"_blank\" rel=\"nofollow noopener\">Dezembro Vermelho: alta de 17% em casos de HIV entre jovens baianos refor\u00e7a necessidade de preven\u00e7\u00e3o<\/a>&nbsp;&nbsp;Interior da Bahia<\/li>\n<li><a href=\"https:\/\/news.google.com\/rss\/articles\/CBMizwFBVV95cUxNbGFleEJ5TjRiUWt3SGtTQTdyTG9vdUlBaGtxMVJHM2MtZ3BlaTQ2NjdFQW1BSHVlWVRUVVZRSEtuWGZpRElON0Y3Rjc3aEtweHVGUzJ3XzdSTTVEWE9PY0pESGpDR1JNWnNzeFVGR05pQ3RnTXU1Z2thZjVNRG9Rek02cjdVQ0tpQ2lYT3lGTlZYam8tTFozb0JwNjZnZVdsVWF5ZW5BY1FNSDBlV1hySWkyUFI4UF8xb2lsTkRjNnlpYVlkeUlJZnEwY3lTRU0?oc=5\" target=\"_blank\" rel=\"nofollow noopener\">Dezembro Vermelho: m\u00eas refor\u00e7a preven\u00e7\u00e3o, testagem e cuidado no combate ao HIV e \u00e0s ISTs<\/a>&nbsp;&nbsp;Di\u00e1rio de Petr\u00f3polis<\/li>\n<li><a href=\"https:\/\/news.google.com\/rss\/articles\/CBMiswFBVV95cUxPZ3N3VG01X3dUTlJ3Z1lyZWVkX0RwWkRyNXVFT1RtZ2p4b2hMcGdIRDFnMjZvUDgxREJMLUZYS3lLeF9mTzlrSlV6Tnc5ay0wQ2Q1WldZOXBwSWhIbmlXZ1RKdjl5REcxVDRBb2JPbVBoeVROQTN6SUpjbnVQWk1oN1VLNVRnWHBNc1duUHlCZFJENXlOajFrdlRSOEF6MnV4UHVnWFh0ZlhsTzM1SF9md0drRQ?oc=5\" target=\"_blank\" rel=\"nofollow noopener\">DEZEMBRO VERMELHO: FILMES E DOCUMENT\u00c1RIOS NO ENFRENTAMENTO AO ESTIGMA DO HIV, AIDS E ISTs<\/a>&nbsp;&nbsp;SINDJUD-PE<\/li>\n<li><a href=\"https:\/\/news.google.com\/rss\/articles\/CBMizAFBVV95cUxOVG81aWNMbjZMaVlVSnN1VHNfNWFxZW5QUXFZbE44d3Y2aFFnUDhTeG51bExRTC1sTklZb0NzSWowR3EyUXpZZlliM25oQmUwVWg3ck1YWjNKNnJWR2M5ZVQyRnloSFZXY2dyVlVkTGZGN0tLOEpzWWJrUTloR0JzMk9zOEV1OXhmS01BQlZwUVR5bFdQSWkwQ2FtRjlRX3NkNUpJb0toR2NQSmNreTVQZGhKbUdqR0FzcHNnM2pjSmkzNzVhbUUyTjRkM2c?oc=5\" target=\"_blank\" rel=\"nofollow noopener\">Prefeitura de Santar\u00e9m fortalece enfrentamento \u00e0s IST\/HIV com a\u00e7\u00f5es do Dezembro Vermelho 2025 | Sa\u00fade | Not\u00edcias<\/a>&nbsp;&nbsp;Prefeitura de Santar\u00e9m<\/li>\n<\/ol>\n","protected":false},"excerpt":{"rendered":"Crici\u00fama intensifica a\u00e7\u00f5es de preven\u00e7\u00e3o \u00e0s ISTs e ao c\u00e2ncer de pele ao longo do m\u00eas&nbsp;&nbsp;engeplus.com.br Dezembro Vermelho:&hellip;\n","protected":false},"author":2,"featured_media":204012,"comment_status":"","ping_status":"","sticky":false,"template":"","format":"standard","meta":{"footnotes":""},"categories":[86],"tags":[37731,116,32,40441,33,117],"class_list":{"0":"post-204011","1":"post","2":"type-post","3":"status-publish","4":"format-standard","5":"has-post-thumbnail","7":"category-saude","8":"tag-dezembro-vermelho-e-laranja","9":"tag-health","10":"tag-portugal","11":"tag-prevencao-as-ists-e-ao-cancer-de-pele","12":"tag-pt","13":"tag-saude"},"share_on_mastodon":{"url":"https:\/\/pubeurope.com\/@pt\/115788534444642205","error":""},"_links":{"self":[{"href":"https:\/\/www.europesays.com\/pt\/wp-json\/wp\/v2\/posts\/204011","targetHints":{"allow":["GET"]}}],"collection":[{"href":"https:\/\/www.europesays.com\/pt\/wp-json\/wp\/v2\/posts"}],"about":[{"href":"https:\/\/www.europesays.com\/pt\/wp-json\/wp\/v2\/types\/post"}],"author":[{"embeddable":true,"href":"https:\/\/www.europesays.com\/pt\/wp-json\/wp\/v2\/users\/2"}],"replies":[{"embeddable":true,"href":"https:\/\/www.europesays.com\/pt\/wp-json\/wp\/v2\/comments?post=204011"}],"version-history":[{"count":0,"href":"https:\/\/www.europesays.com\/pt\/wp-json\/wp\/v2\/posts\/204011\/revisions"}],"wp:featuredmedia":[{"embeddable":true,"href":"https:\/\/www.europesays.com\/pt\/wp-json\/wp\/v2\/media\/204012"}],"wp:attachment":[{"href":"https:\/\/www.europesays.com\/pt\/wp-json\/wp\/v2\/media?parent=204011"}],"wp:term":[{"taxonomy":"category","embeddable":true,"href":"https:\/\/www.europesays.com\/pt\/wp-json\/wp\/v2\/categories?post=204011"},{"taxonomy":"post_tag","embeddable":true,"href":"https:\/\/www.europesays.com\/pt\/wp-json\/wp\/v2\/tags?post=204011"}],"curies":[{"name":"wp","href":"https:\/\/api.w.org\/{rel}","templated":true}]}}