{"id":204016,"date":"2025-12-26T23:56:07","date_gmt":"2025-12-26T23:56:07","guid":{"rendered":"https:\/\/www.europesays.com\/pt\/204016\/"},"modified":"2025-12-26T23:56:07","modified_gmt":"2025-12-26T23:56:07","slug":"amorim-ultrapassa-registo-pontual-da-epoca-passada-apos-a-chegada-ao-man-united","status":"publish","type":"post","link":"https:\/\/www.europesays.com\/pt\/204016\/","title":{"rendered":"Amorim ultrapassa registo pontual da \u00e9poca passada ap\u00f3s a chegada ao Man United"},"content":{"rendered":"<p>Com o <a href=\"https:\/\/maisfutebol.iol.pt\/jogo\/aominuto\/13825406\" rel=\"nofollow noopener\" target=\"_blank\"><strong>triunfo sofrido por 1-0 sobre o Newcastle<\/strong><\/a>, o Manchester United chegou aos 29 pontos na presente edi\u00e7\u00e3o da Premier League.<\/p>\n<p>Significa isto que a equipa de Ruben Amorim j\u00e1 superou o registo pontual que obteve na \u00e9poca passada desde que o t\u00e9cnico ex-Sporting assumiu o leme.<\/p>\n<p>Na \u00e9poca passada, os Red Devils amealharam 27 pontos nos 27 jogos realizados para a Premier League com Amorim. Agora, precisaram de 18 jogos para ultrapassar esse registo. Menos nove, portanto.<\/p>\n","protected":false},"excerpt":{"rendered":"Com o triunfo sofrido por 1-0 sobre o Newcastle, o Manchester United chegou aos 29 pontos na presente&hellip;\n","protected":false},"author":2,"featured_media":204017,"comment_status":"","ping_status":"","sticky":false,"template":"","format":"standard","meta":{"footnotes":"","_share_on_mastodon":"0"},"categories":[8],"tags":[10818,27,28,15,16,14,665,82,25,26,436,21,22,46,663,12,13,19,20,32,23,24,33,47,1052,17,18,29,30,31],"class_list":["post-204016","post","type-post","status-publish","format-standard","has-post-thumbnail","category-principais-noticias","tag-amorim","tag-breaking-news","tag-breakingnews","tag-featured-news","tag-featurednews","tag-headlines","tag-inglaterra","tag-internacional","tag-latest-news","tag-latestnews","tag-made-in","tag-main-news","tag-mainnews","tag-maisfutebol","tag-manchester-united","tag-news","tag-noticias","tag-noticias-principais","tag-noticiasprincipais","tag-portugal","tag-principais-noticias","tag-principaisnoticias","tag-pt","tag-pura-paixao","tag-ruben-amorim","tag-top-stories","tag-topstories","tag-ultimas","tag-ultimas-noticias","tag-ultimasnoticias"],"share_on_mastodon":{"url":"https:\/\/pubeurope.com\/@pt\/115788578051536228","error":""},"_links":{"self":[{"href":"https:\/\/www.europesays.com\/pt\/wp-json\/wp\/v2\/posts\/204016","targetHints":{"allow":["GET"]}}],"collection":[{"href":"https:\/\/www.europesays.com\/pt\/wp-json\/wp\/v2\/posts"}],"about":[{"href":"https:\/\/www.europesays.com\/pt\/wp-json\/wp\/v2\/types\/post"}],"author":[{"embeddable":true,"href":"https:\/\/www.europesays.com\/pt\/wp-json\/wp\/v2\/users\/2"}],"replies":[{"embeddable":true,"href":"https:\/\/www.europesays.com\/pt\/wp-json\/wp\/v2\/comments?post=204016"}],"version-history":[{"count":0,"href":"https:\/\/www.europesays.com\/pt\/wp-json\/wp\/v2\/posts\/204016\/revisions"}],"wp:featuredmedia":[{"embeddable":true,"href":"https:\/\/www.europesays.com\/pt\/wp-json\/wp\/v2\/media\/204017"}],"wp:attachment":[{"href":"https:\/\/www.europesays.com\/pt\/wp-json\/wp\/v2\/media?parent=204016"}],"wp:term":[{"taxonomy":"category","embeddable":true,"href":"https:\/\/www.europesays.com\/pt\/wp-json\/wp\/v2\/categories?post=204016"},{"taxonomy":"post_tag","embeddable":true,"href":"https:\/\/www.europesays.com\/pt\/wp-json\/wp\/v2\/tags?post=204016"}],"curies":[{"name":"wp","href":"https:\/\/api.w.org\/{rel}","templated":true}]}}