{"id":204046,"date":"2025-12-27T00:23:09","date_gmt":"2025-12-27T00:23:09","guid":{"rendered":"https:\/\/www.europesays.com\/pt\/204046\/"},"modified":"2025-12-27T00:23:09","modified_gmt":"2025-12-27T00:23:09","slug":"kupiansk-ucrania-avancou-e-russia-sofreu-derrota-mediatica-observador","status":"publish","type":"post","link":"https:\/\/www.europesays.com\/pt\/204046\/","title":{"rendered":"Kupiansk. Ucr\u00e2nia avan\u00e7ou e R\u00fassia sofreu derrota medi\u00e1tica \u2013 Observador"},"content":{"rendered":"<p>A fotografia correu o mundo. No dia 12 de dezembro, o Presidente da Ucr\u00e2nia, Volodymyr Zelensky, decidiu sair do conforto do gabinete e ir at\u00e9 \u00e0 linha da frente, mais concretamente a <strong>Kupiansk<\/strong>, cidade que a R\u00fassia alegava ter conquistado na totalidade. Com um telem\u00f3vel na m\u00e3o, o l\u00edder ucraniano tirou v\u00e1rias selfies, gravou v\u00eddeos e visitou os soldados que combatiam nas trincheiras. Para al\u00e9m de dar moral \u00e0s tropas, esta visita teve um <strong>forte efeito medi\u00e1tico.<\/strong> Motivo? Tr\u00eas semanas antes, o l\u00edder russo, Vladimir Putin, ouviu da voz do coronel-general Sergei Kuzovlev\u00a0que a totalidade da cidade <strong>estava nas m\u00e3os dos russos.<\/strong> O an\u00fancio foi feito na televis\u00e3o.<\/p>\n<p>A Ucr\u00e2nia nunca confirmou totalmente essa informa\u00e7\u00e3o. Apenas garantia que ia resistindo em alguns redutos da cidade. Ao mesmo tempo, as for\u00e7as ucranianas foram contra-atacando as advers\u00e1rias e avan\u00e7ando no terreno. At\u00e9 o comandante-chefe das For\u00e7as Armadas, Oleksandr Syrskyi, assegurar, na semana passada, que Kiev controlava<strong> \u201cquase 90% do territ\u00f3rio da cidade\u201d<\/strong> localizada na prov\u00edncia de Kharkiv, zona estrat\u00e9gica de extrema import\u00e2ncia.<\/p>\n<p>A R\u00fassia continuou a negar quaisquer avan\u00e7os ucranianos em Kupiansk. A porta-voz do Minist\u00e9rio dos Neg\u00f3cios Estrangeiros russa, Maria Zakharova, assegurou que a cidade continuava a ser \u201ccontrolada pelas For\u00e7as Armadas russas\u201d. \u201cDestinadas ao fracasso, as tentativas de Kiev para tentar quebrar as defesas foram repelidas e o advers\u00e1rio sofreu perdas pesadas de equipamentos e homens\u201d, denunciava a diplomata. O Presidente russo fez o mesmo: nunca assumiu que a localidade de Kupiansk tivesse sido reconquistada pela Ucr\u00e2nia.<\/p>\n","protected":false},"excerpt":{"rendered":"A fotografia correu o mundo. No dia 12 de dezembro, o Presidente da Ucr\u00e2nia, Volodymyr Zelensky, decidiu sair&hellip;\n","protected":false},"author":2,"featured_media":204047,"comment_status":"","ping_status":"","sticky":false,"template":"","format":"standard","meta":{"footnotes":""},"categories":[50],"tags":[27,28,445,15,16,1123,14,25,26,21,22,62,12,13,19,20,23,24,3879,17,18,1124,29,30,31,2415,2416,63,64,65],"class_list":{"0":"post-204046","1":"post","2":"type-post","3":"status-publish","4":"format-standard","5":"has-post-thumbnail","7":"category-mundo","8":"tag-breaking-news","9":"tag-breakingnews","10":"tag-europa","11":"tag-featured-news","12":"tag-featurednews","13":"tag-guerra-na-ucru00e2nia","14":"tag-headlines","15":"tag-latest-news","16":"tag-latestnews","17":"tag-main-news","18":"tag-mainnews","19":"tag-mundo","20":"tag-news","21":"tag-noticias","22":"tag-noticias-principais","23":"tag-noticiasprincipais","24":"tag-principais-noticias","25":"tag-principaisnoticias","26":"tag-ru00fassia","27":"tag-top-stories","28":"tag-topstories","29":"tag-ucru00e2nia","30":"tag-ultimas","31":"tag-ultimas-noticias","32":"tag-ultimasnoticias","33":"tag-vladimir-putin","34":"tag-volodymyr-zelensky","35":"tag-world","36":"tag-world-news","37":"tag-worldnews"},"share_on_mastodon":{"url":"https:\/\/pubeurope.com\/@pt\/115788683879888308","error":""},"_links":{"self":[{"href":"https:\/\/www.europesays.com\/pt\/wp-json\/wp\/v2\/posts\/204046","targetHints":{"allow":["GET"]}}],"collection":[{"href":"https:\/\/www.europesays.com\/pt\/wp-json\/wp\/v2\/posts"}],"about":[{"href":"https:\/\/www.europesays.com\/pt\/wp-json\/wp\/v2\/types\/post"}],"author":[{"embeddable":true,"href":"https:\/\/www.europesays.com\/pt\/wp-json\/wp\/v2\/users\/2"}],"replies":[{"embeddable":true,"href":"https:\/\/www.europesays.com\/pt\/wp-json\/wp\/v2\/comments?post=204046"}],"version-history":[{"count":0,"href":"https:\/\/www.europesays.com\/pt\/wp-json\/wp\/v2\/posts\/204046\/revisions"}],"wp:featuredmedia":[{"embeddable":true,"href":"https:\/\/www.europesays.com\/pt\/wp-json\/wp\/v2\/media\/204047"}],"wp:attachment":[{"href":"https:\/\/www.europesays.com\/pt\/wp-json\/wp\/v2\/media?parent=204046"}],"wp:term":[{"taxonomy":"category","embeddable":true,"href":"https:\/\/www.europesays.com\/pt\/wp-json\/wp\/v2\/categories?post=204046"},{"taxonomy":"post_tag","embeddable":true,"href":"https:\/\/www.europesays.com\/pt\/wp-json\/wp\/v2\/tags?post=204046"}],"curies":[{"name":"wp","href":"https:\/\/api.w.org\/{rel}","templated":true}]}}