{"id":204048,"date":"2025-12-27T00:25:25","date_gmt":"2025-12-27T00:25:25","guid":{"rendered":"https:\/\/www.europesays.com\/pt\/204048\/"},"modified":"2025-12-27T00:25:25","modified_gmt":"2025-12-27T00:25:25","slug":"pj-detem-em-hotel-de-lisboa-alemao-de-19-anos-suspeito-de-triplo-homicidio-em-cabo-verde","status":"publish","type":"post","link":"https:\/\/www.europesays.com\/pt\/204048\/","title":{"rendered":"PJ det\u00e9m em hotel de Lisboa alem\u00e3o de 19 anos suspeito de triplo homic\u00eddio em Cabo Verde"},"content":{"rendered":"<p>\t                A deten\u00e7\u00e3o ocorreu esta quinta-feira e foi executada ao abrigo de um mandado de deten\u00e7\u00e3o europeu emitido pelas autoridades alem\u00e3s. Suspeito fugiu de Cabo Verde no pr\u00f3prio dia em que ter\u00e3o sido cometidos os crimes<\/p>\n<p data-end=\"309\" data-start=\"94\">A Pol\u00edcia Judici\u00e1ria deteve esta quinta-feira, dia de Natal, num hotel em Lisboa, um jovem alem\u00e3o de 19 anos que ter\u00e1 fugido para Portugal depois de ter assassinado tr\u00eas pessoas em Cabo Verde, apurou a CNN Portugal.<\/p>\n<p data-end=\"526\" data-start=\"311\">As v\u00edtimas s\u00e3o o pai, a mulher do pai e uma filha daquela. O jovem ter\u00e1 cometido o triplo homic\u00eddio com uma faca na ilha de S\u00e3o Vicente, onde a fam\u00edlia passava f\u00e9rias de Natal, num hotel.<\/p>\n<p data-end=\"702\" data-start=\"528\">A fuga para Portugal ter\u00e1 acontecido no pr\u00f3prio dia dos crimes. O suspeito apanhou um voo para Lisboa e instalou-se tamb\u00e9m num hotel, onde acabou localizado e detido pela PJ.<\/p>\n<p data-end=\"847\" data-start=\"704\">A deten\u00e7\u00e3o foi feita na sequ\u00eancia de um mandado de deten\u00e7\u00e3o europeu emitido pelas autoridades alem\u00e3s e agora executado pela Pol\u00edcia Judici\u00e1ria.\u00a0<\/p>\n","protected":false},"excerpt":{"rendered":"A deten\u00e7\u00e3o ocorreu esta quinta-feira e foi executada ao abrigo de um mandado de deten\u00e7\u00e3o europeu emitido pelas&hellip;\n","protected":false},"author":2,"featured_media":113007,"comment_status":"","ping_status":"","sticky":false,"template":"","format":"standard","meta":{"footnotes":""},"categories":[10],"tags":[16821,609,611,27,28,2714,607,608,604,610,539,15,16,14,4063,603,25,26,797,570,21,22,606,12,13,19,20,602,4107,32,23,24,33,58,605,17,18,29,30,31],"class_list":{"0":"post-204048","1":"post","2":"type-post","3":"status-publish","4":"format-standard","5":"has-post-thumbnail","7":"category-portugal","8":"tag-alemao","9":"tag-alerta","10":"tag-ao-minuto","11":"tag-breaking-news","12":"tag-breakingnews","13":"tag-cabo-verde","14":"tag-cnn","15":"tag-cnn-portugal","16":"tag-crime","17":"tag-direto","18":"tag-educacao","19":"tag-featured-news","20":"tag-featurednews","21":"tag-headlines","22":"tag-hotel","23":"tag-justica","24":"tag-latest-news","25":"tag-latestnews","26":"tag-lisboa","27":"tag-live","28":"tag-main-news","29":"tag-mainnews","30":"tag-meteorologia","31":"tag-news","32":"tag-noticias","33":"tag-noticias-principais","34":"tag-noticiasprincipais","35":"tag-pais","36":"tag-pj","37":"tag-portugal","38":"tag-principais-noticias","39":"tag-principaisnoticias","40":"tag-pt","41":"tag-sociedade","42":"tag-tempo","43":"tag-top-stories","44":"tag-topstories","45":"tag-ultimas","46":"tag-ultimas-noticias","47":"tag-ultimasnoticias"},"share_on_mastodon":{"url":"","error":"Validation failed: Text character limit of 500 exceeded"},"_links":{"self":[{"href":"https:\/\/www.europesays.com\/pt\/wp-json\/wp\/v2\/posts\/204048","targetHints":{"allow":["GET"]}}],"collection":[{"href":"https:\/\/www.europesays.com\/pt\/wp-json\/wp\/v2\/posts"}],"about":[{"href":"https:\/\/www.europesays.com\/pt\/wp-json\/wp\/v2\/types\/post"}],"author":[{"embeddable":true,"href":"https:\/\/www.europesays.com\/pt\/wp-json\/wp\/v2\/users\/2"}],"replies":[{"embeddable":true,"href":"https:\/\/www.europesays.com\/pt\/wp-json\/wp\/v2\/comments?post=204048"}],"version-history":[{"count":0,"href":"https:\/\/www.europesays.com\/pt\/wp-json\/wp\/v2\/posts\/204048\/revisions"}],"wp:featuredmedia":[{"embeddable":true,"href":"https:\/\/www.europesays.com\/pt\/wp-json\/wp\/v2\/media\/113007"}],"wp:attachment":[{"href":"https:\/\/www.europesays.com\/pt\/wp-json\/wp\/v2\/media?parent=204048"}],"wp:term":[{"taxonomy":"category","embeddable":true,"href":"https:\/\/www.europesays.com\/pt\/wp-json\/wp\/v2\/categories?post=204048"},{"taxonomy":"post_tag","embeddable":true,"href":"https:\/\/www.europesays.com\/pt\/wp-json\/wp\/v2\/tags?post=204048"}],"curies":[{"name":"wp","href":"https:\/\/api.w.org\/{rel}","templated":true}]}}