{"id":204051,"date":"2025-12-27T00:27:09","date_gmt":"2025-12-27T00:27:09","guid":{"rendered":"https:\/\/www.europesays.com\/pt\/204051\/"},"modified":"2025-12-27T00:27:09","modified_gmt":"2025-12-27T00:27:09","slug":"morreu-perry-bamonte-guitarrista-e-teclista-dos-the-cure-observador","status":"publish","type":"post","link":"https:\/\/www.europesays.com\/pt\/204051\/","title":{"rendered":"Morreu Perry Bamonte, guitarrista e teclista dos The Cure \u2013 Observador"},"content":{"rendered":"<p>O guitarrista e teclista dos The Cure, Perry Bamonte, morreu aos 65 anos, avan\u00e7ou a banda num <a href=\"https:\/\/www.thecure.com\/news\/2025\/12\/perry-archangelo-bamonte-1960-2025\/\" rel=\"nofollow noopener\" target=\"_blank\">comunicado publicado no seu site<\/a>.<\/p>\n<p>\u201c\u00c9 com enorme tristeza que confirmamos o falecimento do nosso grande amigo e colega de banda Perry Bamonte, que faleceu ap\u00f3s doen\u00e7a em casa, durante o Natal\u201d, l\u00ea-se no comunicado, em que \u00e9 descrito como \u201ccalmo, intenso, intuitivo, constante e extremamente criativo\u201d.\u00a0 \u201cTeddy\u201d, como era conhecido na banda, era, para os seus membros, um \u201c<strong>uma parte calorosa e vital da hist\u00f3ria dos The Cure\u201d.<\/strong><\/p>\n<p>A liga\u00e7\u00e3o de Bamonte aos The Cure come\u00e7ou em 1984, quando fez parte da equipa na tour desse ano. Com a sa\u00edda do teclista Roger O\u2019Donnell em 1990, tornou-se membro a tempo inteiro da banda, participando na grava\u00e7\u00e3o do disco Wish (1993) e numa das m\u00fasicas que marcou a banda enquanto fen\u00f3meno pop, Friday I\u2019m In Love. Nos 14 anos seguintes, sublinha a banda, o m\u00fasico tocou em \u201cmais de 400 concertos\u201d e nos cinco discos de est\u00fadio lan\u00e7ados pelo grupo.<\/p>\n<p>Em 2005, por\u00e9m, Bamonte acaba por sair da banda, num hiato que duraria at\u00e9 2022, regressando para tocar na <a href=\"https:\/\/observador.pt\/especiais\/the-cure-quantas-vezes-se-pode-escrever-uma-carta-de-despedida\/\" rel=\"nofollow noopener\" target=\"_blank\">tour Shows of a Lost World nesse ano<\/a>. Em 2026, Bamonte iria partir novamente para a tour que traria a banda ao Portugal,<a href=\"https:\/\/observador.pt\/2025\/10\/14\/the-cure-confirmados-no-north-festival-em-2026-evento-muda-se-para-a-maia\/\" rel=\"nofollow noopener\" target=\"_blank\"> no North Festival, na cidade da Maia.<\/a><\/p>\n","protected":false},"excerpt":{"rendered":"O guitarrista e teclista dos The Cure, Perry Bamonte, morreu aos 65 anos, avan\u00e7ou a banda num comunicado&hellip;\n","protected":false},"author":2,"featured_media":204052,"comment_status":"","ping_status":"","sticky":false,"template":"","format":"standard","meta":{"footnotes":""},"categories":[145],"tags":[211,210,315,114,115,339,32,33,58,2303],"class_list":{"0":"post-204051","1":"post","2":"type-post","3":"status-publish","4":"format-standard","5":"has-post-thumbnail","7":"category-celebridades","8":"tag-celebridades","9":"tag-celebrities","10":"tag-cultura","11":"tag-entertainment","12":"tag-entretenimento","13":"tag-mu00fasica","14":"tag-portugal","15":"tag-pt","16":"tag-sociedade","17":"tag-u00d3bito"},"share_on_mastodon":{"url":"https:\/\/pubeurope.com\/@pt\/115788699611882708","error":""},"_links":{"self":[{"href":"https:\/\/www.europesays.com\/pt\/wp-json\/wp\/v2\/posts\/204051","targetHints":{"allow":["GET"]}}],"collection":[{"href":"https:\/\/www.europesays.com\/pt\/wp-json\/wp\/v2\/posts"}],"about":[{"href":"https:\/\/www.europesays.com\/pt\/wp-json\/wp\/v2\/types\/post"}],"author":[{"embeddable":true,"href":"https:\/\/www.europesays.com\/pt\/wp-json\/wp\/v2\/users\/2"}],"replies":[{"embeddable":true,"href":"https:\/\/www.europesays.com\/pt\/wp-json\/wp\/v2\/comments?post=204051"}],"version-history":[{"count":0,"href":"https:\/\/www.europesays.com\/pt\/wp-json\/wp\/v2\/posts\/204051\/revisions"}],"wp:featuredmedia":[{"embeddable":true,"href":"https:\/\/www.europesays.com\/pt\/wp-json\/wp\/v2\/media\/204052"}],"wp:attachment":[{"href":"https:\/\/www.europesays.com\/pt\/wp-json\/wp\/v2\/media?parent=204051"}],"wp:term":[{"taxonomy":"category","embeddable":true,"href":"https:\/\/www.europesays.com\/pt\/wp-json\/wp\/v2\/categories?post=204051"},{"taxonomy":"post_tag","embeddable":true,"href":"https:\/\/www.europesays.com\/pt\/wp-json\/wp\/v2\/tags?post=204051"}],"curies":[{"name":"wp","href":"https:\/\/api.w.org\/{rel}","templated":true}]}}