{"id":20410,"date":"2025-08-07T22:46:09","date_gmt":"2025-08-07T22:46:09","guid":{"rendered":"https:\/\/www.europesays.com\/pt\/20410\/"},"modified":"2025-08-07T22:46:09","modified_gmt":"2025-08-07T22:46:09","slug":"faustao-e-internado-em-sao-paulo-07-08-2025-celebridades","status":"publish","type":"post","link":"https:\/\/www.europesays.com\/pt\/20410\/","title":{"rendered":"Faust\u00e3o \u00e9 internado em S\u00e3o Paulo &#8211; 07\/08\/2025 &#8211; Celebridades"},"content":{"rendered":"<p>\n<strong class=\"c-signature__location\">Rio de Janeiro<\/strong>\n<\/p>\n<p>O apresentador <a href=\"https:\/\/www1.folha.uol.com.br\/folha-topicos\/faustao\/\" rel=\"nofollow noopener\" target=\"\">Fausto Silva<\/a>, 75, est\u00e1 internado no Hospital Albert Einstein, em S\u00e3o Paulo, desde a \u00faltima ter\u00e7a-feira (5). A informa\u00e7\u00e3o foi confirmada pelo hospital. A causa da interna\u00e7\u00e3o, por\u00e9m, n\u00e3o foi revelada nem pela institui\u00e7\u00e3o nem por membros da fam\u00edlia procurados pelo <strong>F5<\/strong>.<\/p>\n<p>Devido \u00e0 hospitaliza\u00e7\u00e3o, Jo\u00e3o Guilherme Silva, herdeiro do apresentador, resolveu cancelar uma festa que estava marcada para esta quinta-feira (7). Ele celebraria a <a href=\"https:\/\/f5.folha.uol.com.br\/colunistas\/outro-canal\/2025\/07\/sbt-marca-estreia-de-programa-com-joao-silva-filho-de-faustao-saiba-detalhes.shtml\" rel=\"nofollow noopener\" target=\"\">estreia do Programa do Jo\u00e3o<\/a>, no <a href=\"https:\/\/www1.folha.uol.com.br\/folha-topicos\/sbt\/\" rel=\"nofollow noopener\" target=\"_blank\">SBT<\/a>, marcada para acontecer s\u00e1bado (9). O apresentador informou os convidados que o evento dever\u00e1 acontecer no dia 20 de agosto, por &#8220;motivos pessoais&#8221;.<\/p>\n<p><a href=\"https:\/\/www1.folha.uol.com.br\/folha-topicos\/faustao\/\" rel=\"nofollow noopener\" target=\"_blank\">Faust\u00e3o<\/a> enfrenta um hist\u00f3rico recente de complica\u00e7\u00f5es de sa\u00fade. Em agosto de 2023, ele passou por um <a href=\"https:\/\/f5.folha.uol.com.br\/televisao\/2023\/08\/faustao-esta-na-fila-transplante-de-coracao-e-aguarda-um-doador-compativel.shtml\" rel=\"nofollow noopener\" target=\"\">transplante de cora\u00e7\u00e3o<\/a>, ap\u00f3s um quadro de insufici\u00eancia card\u00edaca. Meses depois, em fevereiro de 2024, foi submetido a um <a href=\"https:\/\/f5.folha.uol.com.br\/celebridades\/2024\/02\/faustao-realiza-transplante-de-rim-e-segue-em-observacao-no-hospital.shtml\" rel=\"nofollow noopener\" target=\"\">transplante de rim<\/a>, em decorr\u00eancia do agravamento de uma condi\u00e7\u00e3o renal cr\u00f4nica.<\/p>\n<p>Desde ent\u00e3o, ele tem seguido em tratamento sob acompanhamento m\u00e9dico constante. Ele chegou a realizar sess\u00f5es de hemodi\u00e1lise at\u00e9 que seu estado cl\u00ednico permitisse a ado\u00e7\u00e3o de outro protocolo.<\/p>\n<p>No in\u00edcio de 2025, <a href=\"https:\/\/f5.folha.uol.com.br\/celebridades\/2025\/01\/faustao-e-internado-em-hospital-de-sao-paulo.shtml\" rel=\"nofollow noopener\" target=\"\">foi internado novamente<\/a> devido a uma infec\u00e7\u00e3o, mas teve alta dias depois e seguiu o tratamento em casa.<\/p>\n","protected":false},"excerpt":{"rendered":"Rio de Janeiro O apresentador Fausto Silva, 75, est\u00e1 internado no Hospital Albert Einstein, em S\u00e3o Paulo, desde&hellip;\n","protected":false},"author":2,"featured_media":20411,"comment_status":"","ping_status":"","sticky":false,"template":"","format":"standard","meta":{"footnotes":""},"categories":[145],"tags":[219,211,210,223,114,115,224,225,2869,226,221,220,222,7463,32,33,936,2566,218,228,227],"class_list":{"0":"post-20410","1":"post","2":"type-post","3":"status-publish","4":"format-standard","5":"has-post-thumbnail","7":"category-celebridades","8":"tag-bichos","9":"tag-celebridades","10":"tag-celebrities","11":"tag-colunistas","12":"tag-entertainment","13":"tag-entretenimento","14":"tag-estranho","15":"tag-eu-amo","16":"tag-fausto","17":"tag-fofices","18":"tag-horoscopo","19":"tag-humanos","20":"tag-humor","21":"tag-joo-guilherme-silva","22":"tag-portugal","23":"tag-pt","24":"tag-sbt","25":"tag-televiso","26":"tag-televisao","27":"tag-tudo","28":"tag-videos"},"share_on_mastodon":{"url":"","error":""},"_links":{"self":[{"href":"https:\/\/www.europesays.com\/pt\/wp-json\/wp\/v2\/posts\/20410","targetHints":{"allow":["GET"]}}],"collection":[{"href":"https:\/\/www.europesays.com\/pt\/wp-json\/wp\/v2\/posts"}],"about":[{"href":"https:\/\/www.europesays.com\/pt\/wp-json\/wp\/v2\/types\/post"}],"author":[{"embeddable":true,"href":"https:\/\/www.europesays.com\/pt\/wp-json\/wp\/v2\/users\/2"}],"replies":[{"embeddable":true,"href":"https:\/\/www.europesays.com\/pt\/wp-json\/wp\/v2\/comments?post=20410"}],"version-history":[{"count":0,"href":"https:\/\/www.europesays.com\/pt\/wp-json\/wp\/v2\/posts\/20410\/revisions"}],"wp:featuredmedia":[{"embeddable":true,"href":"https:\/\/www.europesays.com\/pt\/wp-json\/wp\/v2\/media\/20411"}],"wp:attachment":[{"href":"https:\/\/www.europesays.com\/pt\/wp-json\/wp\/v2\/media?parent=20410"}],"wp:term":[{"taxonomy":"category","embeddable":true,"href":"https:\/\/www.europesays.com\/pt\/wp-json\/wp\/v2\/categories?post=20410"},{"taxonomy":"post_tag","embeddable":true,"href":"https:\/\/www.europesays.com\/pt\/wp-json\/wp\/v2\/tags?post=20410"}],"curies":[{"name":"wp","href":"https:\/\/api.w.org\/{rel}","templated":true}]}}